{"id":590,"date":"2021-04-01T15:53:00","date_gmt":"2021-04-01T13:53:00","guid":{"rendered":"https:\/\/demenz-und-du.de\/?p=590"},"modified":"2023-06-18T16:45:22","modified_gmt":"2023-06-18T14:45:22","slug":"der-sterbeprozess-bei-demenz","status":"publish","type":"post","link":"https:\/\/demenz-und-du.de\/demenz-hilfe-fuer-angehoerige\/der-sterbeprozess-bei-demenz\/","title":{"rendered":"Der Sterbeprozess bei Demenz &#8211; Abschied ohne Schrecken!"},"content":{"rendered":"<p>Aus der Praxis \u2013 Jola\u2019s Alltagsgeschichten<\/p>\n<h4 style=\"\">Wie der Tod den Schrecken verliert<\/h4>\n<p style=\"\">Ingeborg, 89, lag im Sterben in einem Krankenhaus. Kein sch\u00f6ner Gedanke, das w\u00fcnscht sich niemand. Die Familie war tief traurig. Die immer so lebensfrohe Ingeborg sollte nicht in diesem kalten Klima voller Technik, Schl\u00e4uchen und fremder Menschen sterben. Das w\u00e4re nicht ihr Wunsch gewesen.<\/p>\n<p style=\"\">Was tun?<\/p>\n<p style=\"\">\n<h5 style=\"\">Die Familie sollte gemeinsam entscheiden<\/h5>\n<p style=\"\">Im Familienrat wurde beschlossen, eine andere L\u00f6sung zu finden. Doch was gibt es f\u00fcr Alternativen. Schnell war die Idee geboren, ein sch\u00f6nes Zimmer f\u00fcr Ingeborg in unsere Residenz zu mieten. Auch wenn nicht ganz klar war, ob Ingeborg diesen Aufwand \u00fcberhaupt bewusst erleben und genie\u00dfen k\u00f6nnte. Aber egal, das war es dieser wunderbaren Familie wert!<\/p>\n<p style=\"\">So wurde uns Ingeborg also als palliativ vorgestellt. Wir richteten ihr zusammen mit Ihrer Familie ein sch\u00f6nes Zimmer ein, dekorierten mit Blumen \u2013 denn das mochte Ingeborg immer so gerne! \u2013 Fotos und ihren Lieblingsm\u00f6belst\u00fccken.<\/p>\n<p style=\"\">\n<p style=\"\">Ingeborg bekam von alledem nicht viel mit. Auf einiges wurde in Erwartung des nahen Todes verzichtet. So blieben die Schr\u00e4nke leer. Ein bisschen Unter- und Nachtw\u00e4sche sollte f\u00fcr die verbleibende Zeit reichen.<\/p>\n<p style=\"\">\n<h5 style=\"\">Die Liebe der Familie war sp\u00fcrbar<\/h5>\n<p style=\"\">Nichtsdestotrotz pflegten und betreuten wir Ingeborg in der gewohnten Weise. Vielleicht sogar etwas intensiver, denn diese wunderbare F\u00fcrsorge und Liebe der Familie motivierte uns noch mehr.<\/p>\n<p style=\"\">Es ist schon ein sehr gro\u00dfer Unterschied zu einem Krankenhaus. Dort kann man gar nicht die F\u00fcrsorge f\u00fcr jeden einzelnen Menschen aufbringen. Es gibt gar keine Zeit daf\u00fcr, die Aufgaben sind v\u00f6llig andere. Und nat\u00fcrlich sind die Pfleger und Krankenschwestern in Kliniken auch nicht auf basale Stimulation, l\u00e4ngere Gespr\u00e4che oder \u00e4hnliches eingerichtet.<\/p>\n<p style=\"\">Und dann geschah etwas Unerwartetes: Anstatt weiter dem Tod entgegen zu d\u00e4mmern, verbesserte sich Ingeborgs Zustand zusehens! Nach zwei Wochen sprach sie wieder mit uns, nach drei Wochen konnten wir sie wieder mobilisieren!<\/p>\n<p style=\"\">\n<h5 style=\"\">Manchmal geht es unerwartet wieder aufw\u00e4rts!<\/h5>\n<p style=\"\">\n<p style=\"\">So konnte wir Ingeborg in ihrem Rollstuhl umherfahren, durch den Garten gehen und sie an unseren Gruppenprogrammen teilnehmen lassen.<\/p>\n<p style=\"\">Die Freude bei Ingeborg war riesengro\u00df \u2013 und unsere nat\u00fcrlich auch! Niemand h\u00e4tte diesen Effekt f\u00fcr m\u00f6glich gehalten. Die Familie war fassungslos und unendlich gl\u00fccklich! Es war so sch\u00f6n, Ingeborg wieder reden und lachen zu sehen!<\/p>\n<p style=\"\">Sie wurde wieder so stabil, dass wir sogar an einem sch\u00f6nen sommerlichen Tag gemeinsam einen Ausflug in einen naheliegenden Park machen konnte. Es war eine gro\u00dfe Freude, sie interessiert umher schauend im Rollstuhl durch den Park zu schieben.<\/p>\n<p style=\"\">\n<h5 style=\"\">Chips und Schokolade?? Macht nichts!!<\/h5>\n<p style=\"\">Als wir an einem Supermarkt vorbeifuhren, kam ihr pl\u00f6tzlich ein f\u00fcr mich ganz unerwarteter Gedanke. \u201eLassen Sie uns doch mal einkaufen gehen!\u201c, so kam es aus ihrem Munde.<\/p>\n<p style=\"\">\n<p style=\"\">Also: gesagt getan. Wir betraten den Supermarkt und f\u00fchren durch die G\u00e4nge. Und pl\u00f6tzlich merkte ich, dass Ingeborg einen Wunsch hatte. Ihre Augen leuchteten, als wir bei den Chips vorbeigingen. Auf meine Frage, ob Lust auf etwas salziges h\u00e4tte, kam ein klares \u201eJa, gerne!\u201c. Also haben wir schnell eine T\u00fcte Chips gegriffen. Weiter gings durch den Markt. Und diesmal leuchteten die Augen bei der Tafelschokolade. Ein klares Signal \u2013 auch die wird gekauft!Anschlie\u00dfend zur\u00fcck in den Park. Zeit f\u00fcr ein Picknick!<\/p>\n<p style=\"\">Auf einer Bank in der Sonne sitzend, genoss Ingeborg ihre Leckereien \u2013 und wurde dabei immer \u201egespr\u00e4chiger\u201c. Das hei\u00dft, kurze Antworten auf meine Fragen, einzelne Worte zum sch\u00f6nen Park und zu ihrem leckeren Essen. Einfach sch\u00f6n, sie wieder so lebendig zu sehen! Ingeborg war gl\u00fccklich!<\/p>\n<p style=\"\">Nat\u00fcrlich erz\u00e4hlte ich ihrer Familie von diesem Erlebnis. Sie freuten sich alle zusammen so sehr \u00fcber dieses kleine Gl\u00fcck!<\/p>\n<p style=\"\">\n<h5 style=\"\">Ein w\u00fcrdevoller Abschied<\/h5>\n<p style=\"\">Zwei Monate sp\u00e4ter starb Ingeborg. Friedlich eingeschlafen in ihrem sch\u00f6nen Zimmer. Genauso hatte sie sich ihren Tod vorgestellt, sagte die Familie immer wieder.<\/p>\n<p style=\"\">Auch dieser f\u00fcrsorglichen Familie war anzumerken, wie dankbar sie f\u00fcr diesen w\u00fcrdevollen Abschied von ihrer Mutter, Schwiegermutter und &nbsp;Gro\u00dfmutter war. Alle waren sehr froh, gemeinsam alles richtig entschieden zu haben!<\/p>\n<p style=\"\">\n<p style=\"\">Hilfe bei der Entscheidung bietet dir die Webseite der <a href=\"https:\/\/www.dgpalliativmedizin.de\/\" target=\"_blank\" style=\"outline: currentcolor none medium;\" rel=\"noopener\">deutschen Gesellschaft f\u00fcr Palliativmedizin<\/a>, die dich mit vielen wertvolen Tipps unterst\u00fctzt.<\/p>\n<p style=\"\">\n<p style=\"\"><strong><\/strong><\/p>\n","protected":false},"excerpt":{"rendered":"<p>Aus der Praxis \u2013 Jola\u2019s Alltagsgeschichten Wie der Tod den Schrecken verliert Ingeborg, 89, lag im Sterben in einem Krankenhaus. Kein sch\u00f6ner Gedanke, das w\u00fcnscht sich niemand. Die Familie war tief traurig. Die immer so lebensfrohe Ingeborg sollte nicht in diesem kalten Klima voller Technik, Schl\u00e4uchen und fremder Menschen sterben. Das w\u00e4re nicht ihr Wunsch [&hellip;]<\/p>\n","protected":false},"author":2,"featured_media":593,"comment_status":"open","ping_status":"closed","sticky":false,"template":"","format":"standard","meta":{"_monsterinsights_skip_tracking":false,"_monsterinsights_sitenote_active":false,"_monsterinsights_sitenote_note":"","_monsterinsights_sitenote_category":0,"footnotes":""},"categories":[24,20],"tags":[58,38,59],"class_list":["post-590","post","type-post","status-publish","format-standard","has-post-thumbnail","hentry","category-jolas-alltagsgeschichten","category-untermenue","tag-abschieben","tag-heim","tag-schlechtes-gewissen","post-wrapper","thrv_wrapper"],"yoast_head":"<!-- This site is optimized with the Yoast SEO plugin v27.5 - https:\/\/yoast.com\/product\/yoast-seo-wordpress\/ -->\n<title>Der Sterbeprozess bei Demenz - So geht es dir besser!<\/title>\n<meta name=\"description\" content=\"Ein Abschied in W\u00fcrde in einer angenehmen Umgebung tut nicht nur dem Sterbenden gut. Es erleichtert auch den Hinterbliebenen diese Situation.\" \/>\n<meta name=\"robots\" content=\"index, follow, max-snippet:-1, max-image-preview:large, max-video-preview:-1\" \/>\n<link rel=\"canonical\" href=\"https:\/\/demenz-und-du.de\/demenz-hilfe-fuer-angehoerige\/der-sterbeprozess-bei-demenz\/\" \/>\n<meta property=\"og:locale\" content=\"de_DE\" \/>\n<meta property=\"og:type\" content=\"article\" \/>\n<meta property=\"og:title\" content=\"Der Sterbeprozess bei Demenz - So geht es dir besser!\" \/>\n<meta property=\"og:description\" content=\"Ein Abschied in W\u00fcrde in einer angenehmen Umgebung tut nicht nur dem Sterbenden gut. Es erleichtert auch den Hinterbliebenen diese Situation.\" \/>\n<meta property=\"og:url\" content=\"https:\/\/demenz-und-du.de\/demenz-hilfe-fuer-angehoerige\/der-sterbeprozess-bei-demenz\/\" \/>\n<meta property=\"og:site_name\" content=\"Demenz Hilfe f\u00fcr Angeh\u00f6rige\" \/>\n<meta property=\"article:publisher\" content=\"https:\/\/www.facebook.com\/profile.php?id=100090981488333\" \/>\n<meta property=\"article:published_time\" content=\"2021-04-01T13:53:00+00:00\" \/>\n<meta property=\"article:modified_time\" content=\"2023-06-18T14:45:22+00:00\" \/>\n<meta property=\"og:image\" content=\"https:\/\/demenz-und-du.de\/wp-content\/uploads\/2021\/03\/Bank3.jpg\" \/>\n\t<meta property=\"og:image:width\" content=\"640\" \/>\n\t<meta property=\"og:image:height\" content=\"427\" \/>\n\t<meta property=\"og:image:type\" content=\"image\/jpeg\" \/>\n<meta name=\"author\" content=\"Michael\" \/>\n<meta name=\"twitter:card\" content=\"summary_large_image\" \/>\n<meta name=\"twitter:label1\" content=\"Verfasst von\" \/>\n\t<meta name=\"twitter:data1\" content=\"Michael\" \/>\n\t<meta name=\"twitter:label2\" content=\"Gesch\u00e4tzte Lesezeit\" \/>\n\t<meta name=\"twitter:data2\" content=\"4\u00a0Minuten\" \/>\n<script type=\"application\/ld+json\" class=\"yoast-schema-graph\">{\"@context\":\"https:\\\/\\\/schema.org\",\"@graph\":[{\"@type\":\"Article\",\"@id\":\"https:\\\/\\\/demenz-und-du.de\\\/demenz-hilfe-fuer-angehoerige\\\/der-sterbeprozess-bei-demenz\\\/#article\",\"isPartOf\":{\"@id\":\"https:\\\/\\\/demenz-und-du.de\\\/demenz-hilfe-fuer-angehoerige\\\/der-sterbeprozess-bei-demenz\\\/\"},\"author\":{\"name\":\"Michael\",\"@id\":\"https:\\\/\\\/demenz-und-du.de\\\/demenz-hilfe-fuer-angehoerige\\\/#\\\/schema\\\/person\\\/3dc5b1e7c3a91a90031200e33ee10748\"},\"headline\":\"Der Sterbeprozess bei Demenz &#8211; Abschied ohne Schrecken!\",\"datePublished\":\"2021-04-01T13:53:00+00:00\",\"dateModified\":\"2023-06-18T14:45:22+00:00\",\"mainEntityOfPage\":{\"@id\":\"https:\\\/\\\/demenz-und-du.de\\\/demenz-hilfe-fuer-angehoerige\\\/der-sterbeprozess-bei-demenz\\\/\"},\"wordCount\":721,\"commentCount\":0,\"publisher\":{\"@id\":\"https:\\\/\\\/demenz-und-du.de\\\/demenz-hilfe-fuer-angehoerige\\\/#organization\"},\"image\":{\"@id\":\"https:\\\/\\\/demenz-und-du.de\\\/demenz-hilfe-fuer-angehoerige\\\/der-sterbeprozess-bei-demenz\\\/#primaryimage\"},\"thumbnailUrl\":\"https:\\\/\\\/demenz-und-du.de\\\/wp-content\\\/uploads\\\/2021\\\/03\\\/Bank3.jpg\",\"keywords\":[\"Abschieben\",\"Heim\",\"schlechtes Gewissen\"],\"articleSection\":[\"Jola's Alltagsgeschichten\",\"Untermen\u00fc\"],\"inLanguage\":\"de\",\"potentialAction\":[{\"@type\":\"CommentAction\",\"name\":\"Comment\",\"target\":[\"https:\\\/\\\/demenz-und-du.de\\\/demenz-hilfe-fuer-angehoerige\\\/der-sterbeprozess-bei-demenz\\\/#respond\"]}]},{\"@type\":\"WebPage\",\"@id\":\"https:\\\/\\\/demenz-und-du.de\\\/demenz-hilfe-fuer-angehoerige\\\/der-sterbeprozess-bei-demenz\\\/\",\"url\":\"https:\\\/\\\/demenz-und-du.de\\\/demenz-hilfe-fuer-angehoerige\\\/der-sterbeprozess-bei-demenz\\\/\",\"name\":\"Der Sterbeprozess bei Demenz - So geht es dir besser!\",\"isPartOf\":{\"@id\":\"https:\\\/\\\/demenz-und-du.de\\\/demenz-hilfe-fuer-angehoerige\\\/#website\"},\"primaryImageOfPage\":{\"@id\":\"https:\\\/\\\/demenz-und-du.de\\\/demenz-hilfe-fuer-angehoerige\\\/der-sterbeprozess-bei-demenz\\\/#primaryimage\"},\"image\":{\"@id\":\"https:\\\/\\\/demenz-und-du.de\\\/demenz-hilfe-fuer-angehoerige\\\/der-sterbeprozess-bei-demenz\\\/#primaryimage\"},\"thumbnailUrl\":\"https:\\\/\\\/demenz-und-du.de\\\/wp-content\\\/uploads\\\/2021\\\/03\\\/Bank3.jpg\",\"datePublished\":\"2021-04-01T13:53:00+00:00\",\"dateModified\":\"2023-06-18T14:45:22+00:00\",\"description\":\"Ein Abschied in W\u00fcrde in einer angenehmen Umgebung tut nicht nur dem Sterbenden gut. Es erleichtert auch den Hinterbliebenen diese Situation.\",\"breadcrumb\":{\"@id\":\"https:\\\/\\\/demenz-und-du.de\\\/demenz-hilfe-fuer-angehoerige\\\/der-sterbeprozess-bei-demenz\\\/#breadcrumb\"},\"inLanguage\":\"de\",\"potentialAction\":[{\"@type\":\"ReadAction\",\"target\":[\"https:\\\/\\\/demenz-und-du.de\\\/demenz-hilfe-fuer-angehoerige\\\/der-sterbeprozess-bei-demenz\\\/\"]}]},{\"@type\":\"ImageObject\",\"inLanguage\":\"de\",\"@id\":\"https:\\\/\\\/demenz-und-du.de\\\/demenz-hilfe-fuer-angehoerige\\\/der-sterbeprozess-bei-demenz\\\/#primaryimage\",\"url\":\"https:\\\/\\\/demenz-und-du.de\\\/wp-content\\\/uploads\\\/2021\\\/03\\\/Bank3.jpg\",\"contentUrl\":\"https:\\\/\\\/demenz-und-du.de\\\/wp-content\\\/uploads\\\/2021\\\/03\\\/Bank3.jpg\",\"width\":640,\"height\":427},{\"@type\":\"BreadcrumbList\",\"@id\":\"https:\\\/\\\/demenz-und-du.de\\\/demenz-hilfe-fuer-angehoerige\\\/der-sterbeprozess-bei-demenz\\\/#breadcrumb\",\"itemListElement\":[{\"@type\":\"ListItem\",\"position\":1,\"name\":\"Startseite\",\"item\":\"https:\\\/\\\/demenz-und-du.de\\\/demenz-hilfe-fuer-angehoerige\\\/\"},{\"@type\":\"ListItem\",\"position\":2,\"name\":\"Der Sterbeprozess bei Demenz &#8211; Abschied ohne Schrecken!\"}]},{\"@type\":\"WebSite\",\"@id\":\"https:\\\/\\\/demenz-und-du.de\\\/demenz-hilfe-fuer-angehoerige\\\/#website\",\"url\":\"https:\\\/\\\/demenz-und-du.de\\\/demenz-hilfe-fuer-angehoerige\\\/\",\"name\":\"Demenz Hilfe f\u00fcr Angeh\u00f6rige\",\"description\":\"Wir helfen Angeh\u00f6rigen dabei mit ihren Demenzkranken klar zu kommen.\",\"publisher\":{\"@id\":\"https:\\\/\\\/demenz-und-du.de\\\/demenz-hilfe-fuer-angehoerige\\\/#organization\"},\"potentialAction\":[{\"@type\":\"SearchAction\",\"target\":{\"@type\":\"EntryPoint\",\"urlTemplate\":\"https:\\\/\\\/demenz-und-du.de\\\/demenz-hilfe-fuer-angehoerige\\\/?s={search_term_string}\"},\"query-input\":{\"@type\":\"PropertyValueSpecification\",\"valueRequired\":true,\"valueName\":\"search_term_string\"}}],\"inLanguage\":\"de\"},{\"@type\":\"Organization\",\"@id\":\"https:\\\/\\\/demenz-und-du.de\\\/demenz-hilfe-fuer-angehoerige\\\/#organization\",\"name\":\"Demenz Hilfe f\u00fcr Angeh\u00f6rige\",\"url\":\"https:\\\/\\\/demenz-und-du.de\\\/demenz-hilfe-fuer-angehoerige\\\/\",\"logo\":{\"@type\":\"ImageObject\",\"inLanguage\":\"de\",\"@id\":\"https:\\\/\\\/demenz-und-du.de\\\/demenz-hilfe-fuer-angehoerige\\\/#\\\/schema\\\/logo\\\/image\\\/\",\"url\":\"https:\\\/\\\/demenz-und-du.de\\\/wp-content\\\/uploads\\\/2022\\\/10\\\/400JpgdpiLogo-scaled.jpg\",\"contentUrl\":\"https:\\\/\\\/demenz-und-du.de\\\/wp-content\\\/uploads\\\/2022\\\/10\\\/400JpgdpiLogo-scaled.jpg\",\"width\":2560,\"height\":1546,\"caption\":\"Demenz Hilfe f\u00fcr Angeh\u00f6rige\"},\"image\":{\"@id\":\"https:\\\/\\\/demenz-und-du.de\\\/demenz-hilfe-fuer-angehoerige\\\/#\\\/schema\\\/logo\\\/image\\\/\"},\"sameAs\":[\"https:\\\/\\\/www.facebook.com\\\/profile.php?id=100090981488333\",\"https:\\\/\\\/www.youtube.com\\\/channel\\\/UCS7nClFtrPq-4eQFfAFzNyw\"]},{\"@type\":\"Person\",\"@id\":\"https:\\\/\\\/demenz-und-du.de\\\/demenz-hilfe-fuer-angehoerige\\\/#\\\/schema\\\/person\\\/3dc5b1e7c3a91a90031200e33ee10748\",\"name\":\"Michael\",\"image\":{\"@type\":\"ImageObject\",\"inLanguage\":\"de\",\"@id\":\"https:\\\/\\\/secure.gravatar.com\\\/avatar\\\/058709bcb247227ce63c07259fc8a580ab473c7d482a772372f0a8bd91e6ffb0?s=96&d=mm&r=g\",\"url\":\"https:\\\/\\\/secure.gravatar.com\\\/avatar\\\/058709bcb247227ce63c07259fc8a580ab473c7d482a772372f0a8bd91e6ffb0?s=96&d=mm&r=g\",\"contentUrl\":\"https:\\\/\\\/secure.gravatar.com\\\/avatar\\\/058709bcb247227ce63c07259fc8a580ab473c7d482a772372f0a8bd91e6ffb0?s=96&d=mm&r=g\",\"caption\":\"Michael\"},\"sameAs\":[\"https:\\\/\\\/demenz-und-du.de\"],\"url\":\"https:\\\/\\\/demenz-und-du.de\\\/demenz-hilfe-fuer-angehoerige\\\/author\\\/gh72w1evnoi849olaq\\\/\"}]}<\/script>\n<!-- \/ Yoast SEO plugin. -->","yoast_head_json":{"title":"Der Sterbeprozess bei Demenz - So geht es dir besser!","description":"Ein Abschied in W\u00fcrde in einer angenehmen Umgebung tut nicht nur dem Sterbenden gut. Es erleichtert auch den Hinterbliebenen diese Situation.","robots":{"index":"index","follow":"follow","max-snippet":"max-snippet:-1","max-image-preview":"max-image-preview:large","max-video-preview":"max-video-preview:-1"},"canonical":"https:\/\/demenz-und-du.de\/demenz-hilfe-fuer-angehoerige\/der-sterbeprozess-bei-demenz\/","og_locale":"de_DE","og_type":"article","og_title":"Der Sterbeprozess bei Demenz - So geht es dir besser!","og_description":"Ein Abschied in W\u00fcrde in einer angenehmen Umgebung tut nicht nur dem Sterbenden gut. Es erleichtert auch den Hinterbliebenen diese Situation.","og_url":"https:\/\/demenz-und-du.de\/demenz-hilfe-fuer-angehoerige\/der-sterbeprozess-bei-demenz\/","og_site_name":"Demenz Hilfe f\u00fcr Angeh\u00f6rige","article_publisher":"https:\/\/www.facebook.com\/profile.php?id=100090981488333","article_published_time":"2021-04-01T13:53:00+00:00","article_modified_time":"2023-06-18T14:45:22+00:00","og_image":[{"width":640,"height":427,"url":"https:\/\/demenz-und-du.de\/wp-content\/uploads\/2021\/03\/Bank3.jpg","type":"image\/jpeg"}],"author":"Michael","twitter_card":"summary_large_image","twitter_misc":{"Verfasst von":"Michael","Gesch\u00e4tzte Lesezeit":"4\u00a0Minuten"},"schema":{"@context":"https:\/\/schema.org","@graph":[{"@type":"Article","@id":"https:\/\/demenz-und-du.de\/demenz-hilfe-fuer-angehoerige\/der-sterbeprozess-bei-demenz\/#article","isPartOf":{"@id":"https:\/\/demenz-und-du.de\/demenz-hilfe-fuer-angehoerige\/der-sterbeprozess-bei-demenz\/"},"author":{"name":"Michael","@id":"https:\/\/demenz-und-du.de\/demenz-hilfe-fuer-angehoerige\/#\/schema\/person\/3dc5b1e7c3a91a90031200e33ee10748"},"headline":"Der Sterbeprozess bei Demenz &#8211; Abschied ohne Schrecken!","datePublished":"2021-04-01T13:53:00+00:00","dateModified":"2023-06-18T14:45:22+00:00","mainEntityOfPage":{"@id":"https:\/\/demenz-und-du.de\/demenz-hilfe-fuer-angehoerige\/der-sterbeprozess-bei-demenz\/"},"wordCount":721,"commentCount":0,"publisher":{"@id":"https:\/\/demenz-und-du.de\/demenz-hilfe-fuer-angehoerige\/#organization"},"image":{"@id":"https:\/\/demenz-und-du.de\/demenz-hilfe-fuer-angehoerige\/der-sterbeprozess-bei-demenz\/#primaryimage"},"thumbnailUrl":"https:\/\/demenz-und-du.de\/wp-content\/uploads\/2021\/03\/Bank3.jpg","keywords":["Abschieben","Heim","schlechtes Gewissen"],"articleSection":["Jola's Alltagsgeschichten","Untermen\u00fc"],"inLanguage":"de","potentialAction":[{"@type":"CommentAction","name":"Comment","target":["https:\/\/demenz-und-du.de\/demenz-hilfe-fuer-angehoerige\/der-sterbeprozess-bei-demenz\/#respond"]}]},{"@type":"WebPage","@id":"https:\/\/demenz-und-du.de\/demenz-hilfe-fuer-angehoerige\/der-sterbeprozess-bei-demenz\/","url":"https:\/\/demenz-und-du.de\/demenz-hilfe-fuer-angehoerige\/der-sterbeprozess-bei-demenz\/","name":"Der Sterbeprozess bei Demenz - So geht es dir besser!","isPartOf":{"@id":"https:\/\/demenz-und-du.de\/demenz-hilfe-fuer-angehoerige\/#website"},"primaryImageOfPage":{"@id":"https:\/\/demenz-und-du.de\/demenz-hilfe-fuer-angehoerige\/der-sterbeprozess-bei-demenz\/#primaryimage"},"image":{"@id":"https:\/\/demenz-und-du.de\/demenz-hilfe-fuer-angehoerige\/der-sterbeprozess-bei-demenz\/#primaryimage"},"thumbnailUrl":"https:\/\/demenz-und-du.de\/wp-content\/uploads\/2021\/03\/Bank3.jpg","datePublished":"2021-04-01T13:53:00+00:00","dateModified":"2023-06-18T14:45:22+00:00","description":"Ein Abschied in W\u00fcrde in einer angenehmen Umgebung tut nicht nur dem Sterbenden gut. Es erleichtert auch den Hinterbliebenen diese Situation.","breadcrumb":{"@id":"https:\/\/demenz-und-du.de\/demenz-hilfe-fuer-angehoerige\/der-sterbeprozess-bei-demenz\/#breadcrumb"},"inLanguage":"de","potentialAction":[{"@type":"ReadAction","target":["https:\/\/demenz-und-du.de\/demenz-hilfe-fuer-angehoerige\/der-sterbeprozess-bei-demenz\/"]}]},{"@type":"ImageObject","inLanguage":"de","@id":"https:\/\/demenz-und-du.de\/demenz-hilfe-fuer-angehoerige\/der-sterbeprozess-bei-demenz\/#primaryimage","url":"https:\/\/demenz-und-du.de\/wp-content\/uploads\/2021\/03\/Bank3.jpg","contentUrl":"https:\/\/demenz-und-du.de\/wp-content\/uploads\/2021\/03\/Bank3.jpg","width":640,"height":427},{"@type":"BreadcrumbList","@id":"https:\/\/demenz-und-du.de\/demenz-hilfe-fuer-angehoerige\/der-sterbeprozess-bei-demenz\/#breadcrumb","itemListElement":[{"@type":"ListItem","position":1,"name":"Startseite","item":"https:\/\/demenz-und-du.de\/demenz-hilfe-fuer-angehoerige\/"},{"@type":"ListItem","position":2,"name":"Der Sterbeprozess bei Demenz &#8211; Abschied ohne Schrecken!"}]},{"@type":"WebSite","@id":"https:\/\/demenz-und-du.de\/demenz-hilfe-fuer-angehoerige\/#website","url":"https:\/\/demenz-und-du.de\/demenz-hilfe-fuer-angehoerige\/","name":"Demenz Hilfe f\u00fcr Angeh\u00f6rige","description":"Wir helfen Angeh\u00f6rigen dabei mit ihren Demenzkranken klar zu kommen.","publisher":{"@id":"https:\/\/demenz-und-du.de\/demenz-hilfe-fuer-angehoerige\/#organization"},"potentialAction":[{"@type":"SearchAction","target":{"@type":"EntryPoint","urlTemplate":"https:\/\/demenz-und-du.de\/demenz-hilfe-fuer-angehoerige\/?s={search_term_string}"},"query-input":{"@type":"PropertyValueSpecification","valueRequired":true,"valueName":"search_term_string"}}],"inLanguage":"de"},{"@type":"Organization","@id":"https:\/\/demenz-und-du.de\/demenz-hilfe-fuer-angehoerige\/#organization","name":"Demenz Hilfe f\u00fcr Angeh\u00f6rige","url":"https:\/\/demenz-und-du.de\/demenz-hilfe-fuer-angehoerige\/","logo":{"@type":"ImageObject","inLanguage":"de","@id":"https:\/\/demenz-und-du.de\/demenz-hilfe-fuer-angehoerige\/#\/schema\/logo\/image\/","url":"https:\/\/demenz-und-du.de\/wp-content\/uploads\/2022\/10\/400JpgdpiLogo-scaled.jpg","contentUrl":"https:\/\/demenz-und-du.de\/wp-content\/uploads\/2022\/10\/400JpgdpiLogo-scaled.jpg","width":2560,"height":1546,"caption":"Demenz Hilfe f\u00fcr Angeh\u00f6rige"},"image":{"@id":"https:\/\/demenz-und-du.de\/demenz-hilfe-fuer-angehoerige\/#\/schema\/logo\/image\/"},"sameAs":["https:\/\/www.facebook.com\/profile.php?id=100090981488333","https:\/\/www.youtube.com\/channel\/UCS7nClFtrPq-4eQFfAFzNyw"]},{"@type":"Person","@id":"https:\/\/demenz-und-du.de\/demenz-hilfe-fuer-angehoerige\/#\/schema\/person\/3dc5b1e7c3a91a90031200e33ee10748","name":"Michael","image":{"@type":"ImageObject","inLanguage":"de","@id":"https:\/\/secure.gravatar.com\/avatar\/058709bcb247227ce63c07259fc8a580ab473c7d482a772372f0a8bd91e6ffb0?s=96&d=mm&r=g","url":"https:\/\/secure.gravatar.com\/avatar\/058709bcb247227ce63c07259fc8a580ab473c7d482a772372f0a8bd91e6ffb0?s=96&d=mm&r=g","contentUrl":"https:\/\/secure.gravatar.com\/avatar\/058709bcb247227ce63c07259fc8a580ab473c7d482a772372f0a8bd91e6ffb0?s=96&d=mm&r=g","caption":"Michael"},"sameAs":["https:\/\/demenz-und-du.de"],"url":"https:\/\/demenz-und-du.de\/demenz-hilfe-fuer-angehoerige\/author\/gh72w1evnoi849olaq\/"}]}},"_links":{"self":[{"href":"https:\/\/demenz-und-du.de\/demenz-hilfe-fuer-angehoerige\/wp-json\/wp\/v2\/posts\/590","targetHints":{"allow":["GET"]}}],"collection":[{"href":"https:\/\/demenz-und-du.de\/demenz-hilfe-fuer-angehoerige\/wp-json\/wp\/v2\/posts"}],"about":[{"href":"https:\/\/demenz-und-du.de\/demenz-hilfe-fuer-angehoerige\/wp-json\/wp\/v2\/types\/post"}],"author":[{"embeddable":true,"href":"https:\/\/demenz-und-du.de\/demenz-hilfe-fuer-angehoerige\/wp-json\/wp\/v2\/users\/2"}],"replies":[{"embeddable":true,"href":"https:\/\/demenz-und-du.de\/demenz-hilfe-fuer-angehoerige\/wp-json\/wp\/v2\/comments?post=590"}],"version-history":[{"count":10,"href":"https:\/\/demenz-und-du.de\/demenz-hilfe-fuer-angehoerige\/wp-json\/wp\/v2\/posts\/590\/revisions"}],"predecessor-version":[{"id":2845,"href":"https:\/\/demenz-und-du.de\/demenz-hilfe-fuer-angehoerige\/wp-json\/wp\/v2\/posts\/590\/revisions\/2845"}],"wp:featuredmedia":[{"embeddable":true,"href":"https:\/\/demenz-und-du.de\/demenz-hilfe-fuer-angehoerige\/wp-json\/wp\/v2\/media\/593"}],"wp:attachment":[{"href":"https:\/\/demenz-und-du.de\/demenz-hilfe-fuer-angehoerige\/wp-json\/wp\/v2\/media?parent=590"}],"wp:term":[{"taxonomy":"category","embeddable":true,"href":"https:\/\/demenz-und-du.de\/demenz-hilfe-fuer-angehoerige\/wp-json\/wp\/v2\/categories?post=590"},{"taxonomy":"post_tag","embeddable":true,"href":"https:\/\/demenz-und-du.de\/demenz-hilfe-fuer-angehoerige\/wp-json\/wp\/v2\/tags?post=590"}],"curies":[{"name":"wp","href":"https:\/\/api.w.org\/{rel}","templated":true}]}}