{"id":583,"date":"2021-04-01T17:33:56","date_gmt":"2021-04-01T15:33:56","guid":{"rendered":"https:\/\/demenz-und-du.de\/?p=583"},"modified":"2021-08-22T20:35:56","modified_gmt":"2021-08-22T18:35:56","slug":"walther-geht-fremd","status":"publish","type":"post","link":"https:\/\/demenz-und-du.de\/demenz-hilfe-fuer-angehoerige\/walther-geht-fremd\/","title":{"rendered":"Walther geht fremd!"},"content":{"rendered":"<p>Aus der Praxis \u2013 Jola\u2019s Alltagsgeschichten<\/p>\n<h4 style=\"\"><b>Walther geht fremd<\/b><\/h4>\n<p style=\"\"><b><\/b><\/p>\n<p style=\"\">Walther, 82, sehr dement, k\u00f6rperlich nur wenig eingeschr\u00e4nkt. Seit einem halben Jahr wohnt er nun bei uns. Ein gro\u00dfer, stattlicher Herr der sich schnell integriert hat und auch mit seinen \u201eSpezies\u201c gerne mal einen Plausch h\u00e4lt und gemeinsame Spazierg\u00e4nge unternimmt.<\/p>\n<p style=\"\">\n<p style=\"\">Auf diesen Spazierg\u00e4ngen gibt es immer etwas zu entdecken und meistens gibt es danach viel zu erz\u00e4hlen. Manchmal, besonders wenn Walther alleine unterwegs ist, kommt er in Begleitung der Polizei nach Hause. Das passiert immer dann, wenn er etwas orientierungslos wirkt oder auch mal vergisst, im Laden seine Zeitung zu bezahlen.<\/p>\n<p style=\"\">\n<h5 style=\"\">Die Umgebung passt mit auf!<\/h5>\n<p style=\"\">\n<p style=\"\">Alles kein Problem, denn die umliegenden Gesch\u00e4fte und Tankstellen kennen ihn schon und rufen dann meistens bei uns an.<\/p>\n<p style=\"\">Klingt alles eigentlich ganz lieb und harmlos. Aber in Walther stecken auch ungeahnte Kr\u00e4fte und ein auf den ersten Blick nicht sichtbares Aggressionspotenzial.<\/p>\n<p style=\"\">\n<h5 style=\"\">Potenzielle Aggressivit\u00e4t ist nicht sofort erkennbar!<\/h5>\n<p style=\"\">\n<p style=\"\">So kann es vorkommen, dass eine Mitbewohnerin, die etwas zu dicht an ihm vorbeigeht oder mit dem Rollstuhl vorbeirollt, urpl\u00f6tzlich mit dem Gehstock attackiert wird. Das gibt zumindest einen gro\u00dfen Schreck, manchmal kommt es auch zu kleineren Verletzungen.<\/p>\n<p style=\"\">\n<p style=\"\">Oder auch bei den Mahlzeiten passieren unglaubliche Dinge. Walther m\u00f6chte als erster bedient werden. P\u00f6belnd und mit dem Stock fuchtelnd, verleiht er regelm\u00e4\u00dfig seinem Wunsch Ausdruck.<\/p>\n<p style=\"\">\n<p style=\"\">Wir m\u00fcssen also immer auf der Hut sein und immer ein Auge auf ihn werfen. Denn wenn wir schnell dazwischen gehen und beruhigend auf ihn einreden, nimmt er sofort Abstand, wird ruhig und entschuldigt sich aus tiefstem Herzen.<\/p>\n<p style=\"\">\n<h5 style=\"\">Pl\u00f6tzliche Ausbr\u00fcche<\/h5>\n<p style=\"\">\n<p style=\"\">Seine Ausbr\u00fcche kommen genauso schnell wie sie wieder gehen.<\/p>\n<p style=\"\">\n<p style=\"\">Walther ist immer wieder f\u00fcr eine \u00dcberraschung gut. Vor zwei Wochen gab er uns ein neues Beispiel seiner Kreativit\u00e4t.<\/p>\n<p style=\"\">\n<p style=\"\">Schon seit einigen Wochen beklagte er immer wieder, dass er kein eigenes Badezimmer bes\u00e4\u00dfe \u2013 was nat\u00fcrlich nicht stimmt. So meinte er, er m\u00fcsse sich entsprechend umsehen, damit er Toilette und Bad benutzen kann.<\/p>\n<p style=\"\">\n<p style=\"\">Regelm\u00e4\u00dfig wird er also von den Bewohnern, in dessen Zimmern er sein Gl\u00fcck versucht, darauf aufmerksam gemacht, dass er sich wohl irre. Und dann kann es wieder ganz schnell zu aggressiven Ausbr\u00fcchen kommen. Gl\u00fccklicherweise dr\u00fccken die Bewohner in der Regel auch den Schwesternnotruf, so dass wir sehr schnell zur Stelle sind und aufkl\u00e4ren k\u00f6nnen.<\/p>\n<p style=\"\">\n<h5 style=\"\">Manche Bewohner sind sehr kreativ&#8230;<\/h5>\n<p style=\"\">\n<p style=\"\">Nun begab es sich, dass Walther pl\u00f6tzlich verschwunden war. Da er ja sehr mobil ist, nichts Ungew\u00f6hnliches. Aber seine Jacke und sein Stock lagen noch an seinem Essplatz im Speiseraum und am Empfang hatte ihn auch niemand gesehen. Er musste also noch im Haus sein. Aber wo?<\/p>\n<p style=\"\">\n<p style=\"\">Es war also nichts Dramatisches und so schauten wir einfach etwas genauer in einige offene Zimmer, immer die Privatsph\u00e4re unserer Bewohner achtend, aber Walter blieb verschwunden.<\/p>\n<p style=\"\">\n<p style=\"\">Nach ca. einer Stunde wollten wir es aber doch genauer wissen. Kurze Absprache mit den Kollegen, wer welchen Bereich intensiver absucht und schw\u00e4rmten wir aus<\/p>\n<p style=\"\">\n<p style=\"\">Wir brauchten nicht lange suchen. Frohgelaunt, frisch geduscht und schick angezogen stand Walther pl\u00f6tzlich vor uns.<\/p>\n<p style=\"\">\n<h5 style=\"\">Nicht ungew\u00f6hnlich: Verwechselte Kleidung!<\/h5>\n<p style=\"\">\n<p style=\"\">Nur \u2013 die schicke Kleidung geh\u00f6rte nicht Walther! Wir wussten sofort, in wessen Schrank er sich bedient hatte. Und wohl auch, wessen Badezimmer geentert worden war!<\/p>\n<p style=\"\">\n<p style=\"\">Einerseits eine Geschichte zum schmunzeln. Aber wohlwissend, dass Walther die Sache wohl etwas anders sehen w\u00fcrde, mussten wir hier besonders sensibel reagieren.<\/p>\n<p style=\"\">\n<p style=\"\">H\u00e4tten wir einfach geschimpft und ihn gezwungen, die Sachen wieder herzugeben, w\u00e4re Walther ganz sicher ausgerastet.<\/p>\n<p style=\"\">\n<h5 style=\"\">Reaktion muss immer der Situation angepasst sein!<\/h5>\n<p style=\"\">\n<p style=\"\">Also schnell \u00fcberlegt und \u201ePlan B\u201c ausgepackt. Seit einiger Zeit legt sich Walter nachmittags gerne mal f\u00fcr eine Stunde hin. Die Gelegenheit! Ein kurzer Blick auf die Uhr und ein kurzer Hinweis, dass es ja schon wieder 16.00 und damit Zeit f\u00fcr ein Schl\u00e4fchen ist, sorgte gleich f\u00fcr Zustimmung.<\/p>\n<p style=\"\">\n<p style=\"\">Das Austauschen der Bekleidung war also nur noch Formsache. Und Walther hat nie mehr danach gefragt.<\/p>\n<p style=\"\">\n<p style=\"\">Klingt vielleicht komisch, aber tats\u00e4chlich ein typischen, fast allt\u00e4gliches &nbsp;Beispiel f\u00fcr das Thema \u201eValidation\u201c, dass in der Pflege und sozialen Betreuung ein Kernelement ist.<\/p>\n","protected":false},"excerpt":{"rendered":"<p>Aus der Praxis \u2013 Jola\u2019s Alltagsgeschichten Walther geht fremd Walther, 82, sehr dement, k\u00f6rperlich nur wenig eingeschr\u00e4nkt. Seit einem halben Jahr wohnt er nun bei uns. Ein gro\u00dfer, stattlicher Herr der sich schnell integriert hat und auch mit seinen \u201eSpezies\u201c gerne mal einen Plausch h\u00e4lt und gemeinsame Spazierg\u00e4nge unternimmt. Auf diesen Spazierg\u00e4ngen gibt es immer [&hellip;]<\/p>\n","protected":false},"author":2,"featured_media":587,"comment_status":"open","ping_status":"closed","sticky":false,"template":"","format":"standard","meta":{"_monsterinsights_skip_tracking":false,"_monsterinsights_sitenote_active":false,"_monsterinsights_sitenote_note":"","_monsterinsights_sitenote_category":0,"footnotes":""},"categories":[24,20],"tags":[58,38,59],"class_list":["post-583","post","type-post","status-publish","format-standard","has-post-thumbnail","hentry","category-jolas-alltagsgeschichten","category-untermenue","tag-abschieben","tag-heim","tag-schlechtes-gewissen","post-wrapper","thrv_wrapper"],"yoast_head":"<!-- This site is optimized with the Yoast SEO plugin v27.5 - https:\/\/yoast.com\/product\/yoast-seo-wordpress\/ -->\n<title>Fremde Sachen anziehen, im Bad des Nachbarn umziehen?? Passiert!<\/title>\n<meta name=\"description\" content=\"Es ist nicht ungew\u00f6hnlich, dass sich demenzkranke Personen andere Sachen anziehen. Durch Validation kannst du die Situation entsch\u00e4rfen.\" \/>\n<meta name=\"robots\" content=\"index, follow, max-snippet:-1, max-image-preview:large, max-video-preview:-1\" \/>\n<link rel=\"canonical\" href=\"https:\/\/demenz-und-du.de\/demenz-hilfe-fuer-angehoerige\/walther-geht-fremd\/\" \/>\n<meta property=\"og:locale\" content=\"de_DE\" \/>\n<meta property=\"og:type\" content=\"article\" \/>\n<meta property=\"og:title\" content=\"Fremde Sachen anziehen, im Bad des Nachbarn umziehen?? Passiert!\" \/>\n<meta property=\"og:description\" content=\"Es ist nicht ungew\u00f6hnlich, dass sich demenzkranke Personen andere Sachen anziehen. Durch Validation kannst du die Situation entsch\u00e4rfen.\" \/>\n<meta property=\"og:url\" content=\"https:\/\/demenz-und-du.de\/demenz-hilfe-fuer-angehoerige\/walther-geht-fremd\/\" \/>\n<meta property=\"og:site_name\" content=\"Demenz Hilfe f\u00fcr Angeh\u00f6rige\" \/>\n<meta property=\"article:publisher\" content=\"https:\/\/www.facebook.com\/profile.php?id=100090981488333\" \/>\n<meta property=\"article:published_time\" content=\"2021-04-01T15:33:56+00:00\" \/>\n<meta property=\"article:modified_time\" content=\"2021-08-22T18:35:56+00:00\" \/>\n<meta property=\"og:image\" content=\"https:\/\/demenz-und-du.de\/wp-content\/uploads\/2021\/03\/portrait-1957382_640.jpg\" \/>\n\t<meta property=\"og:image:width\" content=\"640\" \/>\n\t<meta property=\"og:image:height\" content=\"426\" \/>\n\t<meta property=\"og:image:type\" content=\"image\/jpeg\" \/>\n<meta name=\"author\" content=\"Michael\" \/>\n<meta name=\"twitter:card\" content=\"summary_large_image\" \/>\n<meta name=\"twitter:label1\" content=\"Verfasst von\" \/>\n\t<meta name=\"twitter:data1\" content=\"Michael\" \/>\n\t<meta name=\"twitter:label2\" content=\"Gesch\u00e4tzte Lesezeit\" \/>\n\t<meta name=\"twitter:data2\" content=\"3\u00a0Minuten\" \/>\n<script type=\"application\/ld+json\" class=\"yoast-schema-graph\">{\"@context\":\"https:\\\/\\\/schema.org\",\"@graph\":[{\"@type\":\"Article\",\"@id\":\"https:\\\/\\\/demenz-und-du.de\\\/demenz-hilfe-fuer-angehoerige\\\/walther-geht-fremd\\\/#article\",\"isPartOf\":{\"@id\":\"https:\\\/\\\/demenz-und-du.de\\\/demenz-hilfe-fuer-angehoerige\\\/walther-geht-fremd\\\/\"},\"author\":{\"name\":\"Michael\",\"@id\":\"https:\\\/\\\/demenz-und-du.de\\\/demenz-hilfe-fuer-angehoerige\\\/#\\\/schema\\\/person\\\/3dc5b1e7c3a91a90031200e33ee10748\"},\"headline\":\"Walther geht fremd!\",\"datePublished\":\"2021-04-01T15:33:56+00:00\",\"dateModified\":\"2021-08-22T18:35:56+00:00\",\"mainEntityOfPage\":{\"@id\":\"https:\\\/\\\/demenz-und-du.de\\\/demenz-hilfe-fuer-angehoerige\\\/walther-geht-fremd\\\/\"},\"wordCount\":704,\"commentCount\":0,\"publisher\":{\"@id\":\"https:\\\/\\\/demenz-und-du.de\\\/demenz-hilfe-fuer-angehoerige\\\/#organization\"},\"image\":{\"@id\":\"https:\\\/\\\/demenz-und-du.de\\\/demenz-hilfe-fuer-angehoerige\\\/walther-geht-fremd\\\/#primaryimage\"},\"thumbnailUrl\":\"https:\\\/\\\/demenz-und-du.de\\\/wp-content\\\/uploads\\\/2021\\\/03\\\/portrait-1957382_640.jpg\",\"keywords\":[\"Abschieben\",\"Heim\",\"schlechtes Gewissen\"],\"articleSection\":[\"Jola's Alltagsgeschichten\",\"Untermen\u00fc\"],\"inLanguage\":\"de\",\"potentialAction\":[{\"@type\":\"CommentAction\",\"name\":\"Comment\",\"target\":[\"https:\\\/\\\/demenz-und-du.de\\\/demenz-hilfe-fuer-angehoerige\\\/walther-geht-fremd\\\/#respond\"]}]},{\"@type\":\"WebPage\",\"@id\":\"https:\\\/\\\/demenz-und-du.de\\\/demenz-hilfe-fuer-angehoerige\\\/walther-geht-fremd\\\/\",\"url\":\"https:\\\/\\\/demenz-und-du.de\\\/demenz-hilfe-fuer-angehoerige\\\/walther-geht-fremd\\\/\",\"name\":\"Fremde Sachen anziehen, im Bad des Nachbarn umziehen?? Passiert!\",\"isPartOf\":{\"@id\":\"https:\\\/\\\/demenz-und-du.de\\\/demenz-hilfe-fuer-angehoerige\\\/#website\"},\"primaryImageOfPage\":{\"@id\":\"https:\\\/\\\/demenz-und-du.de\\\/demenz-hilfe-fuer-angehoerige\\\/walther-geht-fremd\\\/#primaryimage\"},\"image\":{\"@id\":\"https:\\\/\\\/demenz-und-du.de\\\/demenz-hilfe-fuer-angehoerige\\\/walther-geht-fremd\\\/#primaryimage\"},\"thumbnailUrl\":\"https:\\\/\\\/demenz-und-du.de\\\/wp-content\\\/uploads\\\/2021\\\/03\\\/portrait-1957382_640.jpg\",\"datePublished\":\"2021-04-01T15:33:56+00:00\",\"dateModified\":\"2021-08-22T18:35:56+00:00\",\"description\":\"Es ist nicht ungew\u00f6hnlich, dass sich demenzkranke Personen andere Sachen anziehen. Durch Validation kannst du die Situation entsch\u00e4rfen.\",\"breadcrumb\":{\"@id\":\"https:\\\/\\\/demenz-und-du.de\\\/demenz-hilfe-fuer-angehoerige\\\/walther-geht-fremd\\\/#breadcrumb\"},\"inLanguage\":\"de\",\"potentialAction\":[{\"@type\":\"ReadAction\",\"target\":[\"https:\\\/\\\/demenz-und-du.de\\\/demenz-hilfe-fuer-angehoerige\\\/walther-geht-fremd\\\/\"]}]},{\"@type\":\"ImageObject\",\"inLanguage\":\"de\",\"@id\":\"https:\\\/\\\/demenz-und-du.de\\\/demenz-hilfe-fuer-angehoerige\\\/walther-geht-fremd\\\/#primaryimage\",\"url\":\"https:\\\/\\\/demenz-und-du.de\\\/wp-content\\\/uploads\\\/2021\\\/03\\\/portrait-1957382_640.jpg\",\"contentUrl\":\"https:\\\/\\\/demenz-und-du.de\\\/wp-content\\\/uploads\\\/2021\\\/03\\\/portrait-1957382_640.jpg\",\"width\":640,\"height\":426},{\"@type\":\"BreadcrumbList\",\"@id\":\"https:\\\/\\\/demenz-und-du.de\\\/demenz-hilfe-fuer-angehoerige\\\/walther-geht-fremd\\\/#breadcrumb\",\"itemListElement\":[{\"@type\":\"ListItem\",\"position\":1,\"name\":\"Startseite\",\"item\":\"https:\\\/\\\/demenz-und-du.de\\\/demenz-hilfe-fuer-angehoerige\\\/\"},{\"@type\":\"ListItem\",\"position\":2,\"name\":\"Walther geht fremd!\"}]},{\"@type\":\"WebSite\",\"@id\":\"https:\\\/\\\/demenz-und-du.de\\\/demenz-hilfe-fuer-angehoerige\\\/#website\",\"url\":\"https:\\\/\\\/demenz-und-du.de\\\/demenz-hilfe-fuer-angehoerige\\\/\",\"name\":\"Demenz Hilfe f\u00fcr Angeh\u00f6rige\",\"description\":\"Wir helfen Angeh\u00f6rigen dabei mit ihren Demenzkranken klar zu kommen.\",\"publisher\":{\"@id\":\"https:\\\/\\\/demenz-und-du.de\\\/demenz-hilfe-fuer-angehoerige\\\/#organization\"},\"potentialAction\":[{\"@type\":\"SearchAction\",\"target\":{\"@type\":\"EntryPoint\",\"urlTemplate\":\"https:\\\/\\\/demenz-und-du.de\\\/demenz-hilfe-fuer-angehoerige\\\/?s={search_term_string}\"},\"query-input\":{\"@type\":\"PropertyValueSpecification\",\"valueRequired\":true,\"valueName\":\"search_term_string\"}}],\"inLanguage\":\"de\"},{\"@type\":\"Organization\",\"@id\":\"https:\\\/\\\/demenz-und-du.de\\\/demenz-hilfe-fuer-angehoerige\\\/#organization\",\"name\":\"Demenz Hilfe f\u00fcr Angeh\u00f6rige\",\"url\":\"https:\\\/\\\/demenz-und-du.de\\\/demenz-hilfe-fuer-angehoerige\\\/\",\"logo\":{\"@type\":\"ImageObject\",\"inLanguage\":\"de\",\"@id\":\"https:\\\/\\\/demenz-und-du.de\\\/demenz-hilfe-fuer-angehoerige\\\/#\\\/schema\\\/logo\\\/image\\\/\",\"url\":\"https:\\\/\\\/demenz-und-du.de\\\/wp-content\\\/uploads\\\/2022\\\/10\\\/400JpgdpiLogo-scaled.jpg\",\"contentUrl\":\"https:\\\/\\\/demenz-und-du.de\\\/wp-content\\\/uploads\\\/2022\\\/10\\\/400JpgdpiLogo-scaled.jpg\",\"width\":2560,\"height\":1546,\"caption\":\"Demenz Hilfe f\u00fcr Angeh\u00f6rige\"},\"image\":{\"@id\":\"https:\\\/\\\/demenz-und-du.de\\\/demenz-hilfe-fuer-angehoerige\\\/#\\\/schema\\\/logo\\\/image\\\/\"},\"sameAs\":[\"https:\\\/\\\/www.facebook.com\\\/profile.php?id=100090981488333\",\"https:\\\/\\\/www.youtube.com\\\/channel\\\/UCS7nClFtrPq-4eQFfAFzNyw\"]},{\"@type\":\"Person\",\"@id\":\"https:\\\/\\\/demenz-und-du.de\\\/demenz-hilfe-fuer-angehoerige\\\/#\\\/schema\\\/person\\\/3dc5b1e7c3a91a90031200e33ee10748\",\"name\":\"Michael\",\"image\":{\"@type\":\"ImageObject\",\"inLanguage\":\"de\",\"@id\":\"https:\\\/\\\/secure.gravatar.com\\\/avatar\\\/058709bcb247227ce63c07259fc8a580ab473c7d482a772372f0a8bd91e6ffb0?s=96&d=mm&r=g\",\"url\":\"https:\\\/\\\/secure.gravatar.com\\\/avatar\\\/058709bcb247227ce63c07259fc8a580ab473c7d482a772372f0a8bd91e6ffb0?s=96&d=mm&r=g\",\"contentUrl\":\"https:\\\/\\\/secure.gravatar.com\\\/avatar\\\/058709bcb247227ce63c07259fc8a580ab473c7d482a772372f0a8bd91e6ffb0?s=96&d=mm&r=g\",\"caption\":\"Michael\"},\"sameAs\":[\"https:\\\/\\\/demenz-und-du.de\"],\"url\":\"https:\\\/\\\/demenz-und-du.de\\\/demenz-hilfe-fuer-angehoerige\\\/author\\\/gh72w1evnoi849olaq\\\/\"}]}<\/script>\n<!-- \/ Yoast SEO plugin. -->","yoast_head_json":{"title":"Fremde Sachen anziehen, im Bad des Nachbarn umziehen?? Passiert!","description":"Es ist nicht ungew\u00f6hnlich, dass sich demenzkranke Personen andere Sachen anziehen. Durch Validation kannst du die Situation entsch\u00e4rfen.","robots":{"index":"index","follow":"follow","max-snippet":"max-snippet:-1","max-image-preview":"max-image-preview:large","max-video-preview":"max-video-preview:-1"},"canonical":"https:\/\/demenz-und-du.de\/demenz-hilfe-fuer-angehoerige\/walther-geht-fremd\/","og_locale":"de_DE","og_type":"article","og_title":"Fremde Sachen anziehen, im Bad des Nachbarn umziehen?? Passiert!","og_description":"Es ist nicht ungew\u00f6hnlich, dass sich demenzkranke Personen andere Sachen anziehen. Durch Validation kannst du die Situation entsch\u00e4rfen.","og_url":"https:\/\/demenz-und-du.de\/demenz-hilfe-fuer-angehoerige\/walther-geht-fremd\/","og_site_name":"Demenz Hilfe f\u00fcr Angeh\u00f6rige","article_publisher":"https:\/\/www.facebook.com\/profile.php?id=100090981488333","article_published_time":"2021-04-01T15:33:56+00:00","article_modified_time":"2021-08-22T18:35:56+00:00","og_image":[{"width":640,"height":426,"url":"https:\/\/demenz-und-du.de\/wp-content\/uploads\/2021\/03\/portrait-1957382_640.jpg","type":"image\/jpeg"}],"author":"Michael","twitter_card":"summary_large_image","twitter_misc":{"Verfasst von":"Michael","Gesch\u00e4tzte Lesezeit":"3\u00a0Minuten"},"schema":{"@context":"https:\/\/schema.org","@graph":[{"@type":"Article","@id":"https:\/\/demenz-und-du.de\/demenz-hilfe-fuer-angehoerige\/walther-geht-fremd\/#article","isPartOf":{"@id":"https:\/\/demenz-und-du.de\/demenz-hilfe-fuer-angehoerige\/walther-geht-fremd\/"},"author":{"name":"Michael","@id":"https:\/\/demenz-und-du.de\/demenz-hilfe-fuer-angehoerige\/#\/schema\/person\/3dc5b1e7c3a91a90031200e33ee10748"},"headline":"Walther geht fremd!","datePublished":"2021-04-01T15:33:56+00:00","dateModified":"2021-08-22T18:35:56+00:00","mainEntityOfPage":{"@id":"https:\/\/demenz-und-du.de\/demenz-hilfe-fuer-angehoerige\/walther-geht-fremd\/"},"wordCount":704,"commentCount":0,"publisher":{"@id":"https:\/\/demenz-und-du.de\/demenz-hilfe-fuer-angehoerige\/#organization"},"image":{"@id":"https:\/\/demenz-und-du.de\/demenz-hilfe-fuer-angehoerige\/walther-geht-fremd\/#primaryimage"},"thumbnailUrl":"https:\/\/demenz-und-du.de\/wp-content\/uploads\/2021\/03\/portrait-1957382_640.jpg","keywords":["Abschieben","Heim","schlechtes Gewissen"],"articleSection":["Jola's Alltagsgeschichten","Untermen\u00fc"],"inLanguage":"de","potentialAction":[{"@type":"CommentAction","name":"Comment","target":["https:\/\/demenz-und-du.de\/demenz-hilfe-fuer-angehoerige\/walther-geht-fremd\/#respond"]}]},{"@type":"WebPage","@id":"https:\/\/demenz-und-du.de\/demenz-hilfe-fuer-angehoerige\/walther-geht-fremd\/","url":"https:\/\/demenz-und-du.de\/demenz-hilfe-fuer-angehoerige\/walther-geht-fremd\/","name":"Fremde Sachen anziehen, im Bad des Nachbarn umziehen?? Passiert!","isPartOf":{"@id":"https:\/\/demenz-und-du.de\/demenz-hilfe-fuer-angehoerige\/#website"},"primaryImageOfPage":{"@id":"https:\/\/demenz-und-du.de\/demenz-hilfe-fuer-angehoerige\/walther-geht-fremd\/#primaryimage"},"image":{"@id":"https:\/\/demenz-und-du.de\/demenz-hilfe-fuer-angehoerige\/walther-geht-fremd\/#primaryimage"},"thumbnailUrl":"https:\/\/demenz-und-du.de\/wp-content\/uploads\/2021\/03\/portrait-1957382_640.jpg","datePublished":"2021-04-01T15:33:56+00:00","dateModified":"2021-08-22T18:35:56+00:00","description":"Es ist nicht ungew\u00f6hnlich, dass sich demenzkranke Personen andere Sachen anziehen. Durch Validation kannst du die Situation entsch\u00e4rfen.","breadcrumb":{"@id":"https:\/\/demenz-und-du.de\/demenz-hilfe-fuer-angehoerige\/walther-geht-fremd\/#breadcrumb"},"inLanguage":"de","potentialAction":[{"@type":"ReadAction","target":["https:\/\/demenz-und-du.de\/demenz-hilfe-fuer-angehoerige\/walther-geht-fremd\/"]}]},{"@type":"ImageObject","inLanguage":"de","@id":"https:\/\/demenz-und-du.de\/demenz-hilfe-fuer-angehoerige\/walther-geht-fremd\/#primaryimage","url":"https:\/\/demenz-und-du.de\/wp-content\/uploads\/2021\/03\/portrait-1957382_640.jpg","contentUrl":"https:\/\/demenz-und-du.de\/wp-content\/uploads\/2021\/03\/portrait-1957382_640.jpg","width":640,"height":426},{"@type":"BreadcrumbList","@id":"https:\/\/demenz-und-du.de\/demenz-hilfe-fuer-angehoerige\/walther-geht-fremd\/#breadcrumb","itemListElement":[{"@type":"ListItem","position":1,"name":"Startseite","item":"https:\/\/demenz-und-du.de\/demenz-hilfe-fuer-angehoerige\/"},{"@type":"ListItem","position":2,"name":"Walther geht fremd!"}]},{"@type":"WebSite","@id":"https:\/\/demenz-und-du.de\/demenz-hilfe-fuer-angehoerige\/#website","url":"https:\/\/demenz-und-du.de\/demenz-hilfe-fuer-angehoerige\/","name":"Demenz Hilfe f\u00fcr Angeh\u00f6rige","description":"Wir helfen Angeh\u00f6rigen dabei mit ihren Demenzkranken klar zu kommen.","publisher":{"@id":"https:\/\/demenz-und-du.de\/demenz-hilfe-fuer-angehoerige\/#organization"},"potentialAction":[{"@type":"SearchAction","target":{"@type":"EntryPoint","urlTemplate":"https:\/\/demenz-und-du.de\/demenz-hilfe-fuer-angehoerige\/?s={search_term_string}"},"query-input":{"@type":"PropertyValueSpecification","valueRequired":true,"valueName":"search_term_string"}}],"inLanguage":"de"},{"@type":"Organization","@id":"https:\/\/demenz-und-du.de\/demenz-hilfe-fuer-angehoerige\/#organization","name":"Demenz Hilfe f\u00fcr Angeh\u00f6rige","url":"https:\/\/demenz-und-du.de\/demenz-hilfe-fuer-angehoerige\/","logo":{"@type":"ImageObject","inLanguage":"de","@id":"https:\/\/demenz-und-du.de\/demenz-hilfe-fuer-angehoerige\/#\/schema\/logo\/image\/","url":"https:\/\/demenz-und-du.de\/wp-content\/uploads\/2022\/10\/400JpgdpiLogo-scaled.jpg","contentUrl":"https:\/\/demenz-und-du.de\/wp-content\/uploads\/2022\/10\/400JpgdpiLogo-scaled.jpg","width":2560,"height":1546,"caption":"Demenz Hilfe f\u00fcr Angeh\u00f6rige"},"image":{"@id":"https:\/\/demenz-und-du.de\/demenz-hilfe-fuer-angehoerige\/#\/schema\/logo\/image\/"},"sameAs":["https:\/\/www.facebook.com\/profile.php?id=100090981488333","https:\/\/www.youtube.com\/channel\/UCS7nClFtrPq-4eQFfAFzNyw"]},{"@type":"Person","@id":"https:\/\/demenz-und-du.de\/demenz-hilfe-fuer-angehoerige\/#\/schema\/person\/3dc5b1e7c3a91a90031200e33ee10748","name":"Michael","image":{"@type":"ImageObject","inLanguage":"de","@id":"https:\/\/secure.gravatar.com\/avatar\/058709bcb247227ce63c07259fc8a580ab473c7d482a772372f0a8bd91e6ffb0?s=96&d=mm&r=g","url":"https:\/\/secure.gravatar.com\/avatar\/058709bcb247227ce63c07259fc8a580ab473c7d482a772372f0a8bd91e6ffb0?s=96&d=mm&r=g","contentUrl":"https:\/\/secure.gravatar.com\/avatar\/058709bcb247227ce63c07259fc8a580ab473c7d482a772372f0a8bd91e6ffb0?s=96&d=mm&r=g","caption":"Michael"},"sameAs":["https:\/\/demenz-und-du.de"],"url":"https:\/\/demenz-und-du.de\/demenz-hilfe-fuer-angehoerige\/author\/gh72w1evnoi849olaq\/"}]}},"_links":{"self":[{"href":"https:\/\/demenz-und-du.de\/demenz-hilfe-fuer-angehoerige\/wp-json\/wp\/v2\/posts\/583","targetHints":{"allow":["GET"]}}],"collection":[{"href":"https:\/\/demenz-und-du.de\/demenz-hilfe-fuer-angehoerige\/wp-json\/wp\/v2\/posts"}],"about":[{"href":"https:\/\/demenz-und-du.de\/demenz-hilfe-fuer-angehoerige\/wp-json\/wp\/v2\/types\/post"}],"author":[{"embeddable":true,"href":"https:\/\/demenz-und-du.de\/demenz-hilfe-fuer-angehoerige\/wp-json\/wp\/v2\/users\/2"}],"replies":[{"embeddable":true,"href":"https:\/\/demenz-und-du.de\/demenz-hilfe-fuer-angehoerige\/wp-json\/wp\/v2\/comments?post=583"}],"version-history":[{"count":9,"href":"https:\/\/demenz-und-du.de\/demenz-hilfe-fuer-angehoerige\/wp-json\/wp\/v2\/posts\/583\/revisions"}],"predecessor-version":[{"id":1110,"href":"https:\/\/demenz-und-du.de\/demenz-hilfe-fuer-angehoerige\/wp-json\/wp\/v2\/posts\/583\/revisions\/1110"}],"wp:featuredmedia":[{"embeddable":true,"href":"https:\/\/demenz-und-du.de\/demenz-hilfe-fuer-angehoerige\/wp-json\/wp\/v2\/media\/587"}],"wp:attachment":[{"href":"https:\/\/demenz-und-du.de\/demenz-hilfe-fuer-angehoerige\/wp-json\/wp\/v2\/media?parent=583"}],"wp:term":[{"taxonomy":"category","embeddable":true,"href":"https:\/\/demenz-und-du.de\/demenz-hilfe-fuer-angehoerige\/wp-json\/wp\/v2\/categories?post=583"},{"taxonomy":"post_tag","embeddable":true,"href":"https:\/\/demenz-und-du.de\/demenz-hilfe-fuer-angehoerige\/wp-json\/wp\/v2\/tags?post=583"}],"curies":[{"name":"wp","href":"https:\/\/api.w.org\/{rel}","templated":true}]}}