{"id":556,"date":"2021-04-01T17:11:17","date_gmt":"2021-04-01T15:11:17","guid":{"rendered":"https:\/\/demenz-und-du.de\/?p=556"},"modified":"2022-01-30T17:16:18","modified_gmt":"2022-01-30T16:16:18","slug":"geschenke-fuer-demenzkranke","status":"publish","type":"post","link":"https:\/\/demenz-und-du.de\/demenz-hilfe-fuer-angehoerige\/geschenke-fuer-demenzkranke\/","title":{"rendered":"Gefahr f\u00fcr Leib und Leben &#8211; Falsche Geschenke f\u00fcr Demenzkranke k\u00f6nnen gef\u00e4hrlich sein!"},"content":{"rendered":"<p style=\"\"><span style=\"font-weight: normal;\">Aus der Praxis \u2013 Jola\u2019s Alltagserfahrungen<\/span><\/p>\n<h4 style=\"\">Brandgefahr!! Wie falsche \u200bGeschenke f\u00fcr Demenzkranke alle in Gefahr bringt!<\/h4>\n<p style=\"\">Ein Brand in einer Pflegeresidenz oder der Wohnung deiner Mutter ist ein Horrorszenario, das niemand erleben will. Es endet h\u00e4ufig t\u00f6dlich oder hinterl\u00e4sst nicht wieder gut zu machende psychische Sch\u00e4den. Es gilt also, extrem vorsichtig zu sein und darauf zu achten, dass es gar nicht so weit kommen kann!<\/p>\n<p style=\"\">Zuhause f\u00e4ngt es also an. Der Demenzkranke wird \u201et\u00fcttelig\u201c, verliert nach und nach die \u00dcbersicht \u00fcber seine Handlungen und verwechselt diverse Ger\u00e4te des t\u00e4glichen Bedarfs.<\/p>\n<p style=\"\">\n<p style=\"\">Dabei kommt es oft zu lustigen Ereignissen, wenn z.B. sich der Erkrankte pl\u00f6tzlich mit Zahncreme das Gesicht eincremt oder die lange vermisste Brille in einem Schuh auftaucht.<\/p>\n<p style=\"\">\n<h5 style=\"\">Aus schmunzeln wird bitterer Ernst&#8230;<\/h5>\n<p style=\"\">\n<p style=\"\">Doch manchmal bleibt einem das Lachen im Halse stecken. N\u00e4mlich dann, wenn es gef\u00e4hrlich wird und die Person sich in t\u00f6dliche Gefahr begibt, etwa wenn Socken auf dem Toaster getrocknet oder ein Wasserkocher auf der offenen Gasflamme erhitzt wird. Sp\u00e4testens dann ist es Zeit, die Person vor sich selbst zu sch\u00fctzen \u2013 und auch deren Mitbewohner im Haus.<\/p>\n<p style=\"\">\n<h5 style=\"\">Eine Residenz ist sicher!<\/h5>\n<p style=\"\">In einer Residenz kann so etwas n\u00e4mlich kaum passieren. Hier wird von vornherein darauf geachtet, dass die Ausstattung der Appartements dementengerecht und daher ungef\u00e4hrlich ist.<\/p>\n<p style=\"\">Zus\u00e4tzlich sind st\u00e4ndig Pfleger und Betreuer in der N\u00e4he die ein Augenmerk darauf haben, dass Ger\u00e4te, von denen eine solche Gefahr ausgehen k\u00f6nnte, gar nicht in der N\u00e4he des Gef\u00e4hrdeten sind. Das geh\u00f6rt zur Selbstverst\u00e4ndlichkeit bei allen professionellen Betreuern.<\/p>\n<p style=\"\">\n<h5 style=\"\">Im Heim braucht es an nichts fehlen!<\/h5>\n<p style=\"\">Das hei\u00dft nicht, dass es den Bewohnern an irgendetwas fehlen wird. Ganz im Gegenteil. Anders betrachtet, und so spreche ich auch oft zu \u201emeinen\u201c Bewohnern, k\u00f6nnen sie sich doch diesen Aufenthalt wie eine Kur vorstellen: Man wird st\u00e4ndig umsorgt, bekommt viel Zuwendung und braucht sich um nichts L\u00e4stiges zu k\u00fcmmern.<\/p>\n<p style=\"\">Doch was n\u00fctzt all die Vorsorge und Vorsicht, wenn einige Angeh\u00f6rige meinen, sie m\u00fcssten sich durch noch weiter gehende Zuwendungen auszeichnen. Es ist manchmal nicht zu fassen, mit welcher Ignoranz wichtige Grundregeln zum Schutz der Bewohner durch ebensolche \u00fcberm\u00e4\u00dfige aber letztendlich dumme und falsche F\u00fcrsorge ausgehebelt wird.<\/p>\n<p style=\"\">\n<h5 style=\"\">Die Angeh\u00f6rigen bringen die Bewohner in Gefahr!<\/h5>\n<p style=\"\">So will der Sohn von Marianne, 89 Jahre alt und dement, immer wieder seine Mutter mit elektrischen Ger\u00e4ten aller Art eine Freude machen. Tats\u00e4chlich finden wir immer wieder neue Toaster, Eierkocher, Campingkochplatten und &#8211; man glaubt es \u2013 selbst eine kleinen mobilen Backofen in ihrem Zimmer. Unfassbar! Das sind keine Geschenke f\u00fcr Demenzkranke!<\/p>\n<p style=\"\">Grunds\u00e4tzlich kann man festhalten, dass Kochen keine sinnvolle Besch\u00e4ftigung f\u00fcr Demenzkranke darstellt. Vielmehr geh\u00f6rt es zu den gef\u00e4hrlichen T\u00e4tigkeiten, denn der Erkrankte kann die Gefahren durch scharfe Messer, hei\u00dfe Herdplatten und &nbsp; mehr einsch\u00e4tzen.<\/p>\n<p style=\"\">\n<h5 style=\"\">Feueralarm!<\/h5>\n<p style=\"\">Unfassbar auch deshalb, weil regelm\u00e4\u00dfig das gleiche passiert: Feueralarm! Durch Vergesslichkeit und Falschbedienung fangen die Ger\u00e4te an zu qualmen was aufgrund unserer sehr sensiblen Brandmelder sofort einen Feuerwehreinsatz ausl\u00f6st.<\/p>\n<p style=\"\">\n<p style=\"\">Im ganzen Haus wird das Personal durch optische und akustische Signale gewarnt und die Brandhelfer lassen alles stehen und liegen und eilen zu dem \u201eBrandort\u201c.<\/p>\n<p style=\"\">Gleichzeitig ist bereits Feuerwehr und Polizei alarmiert und kommen mit Blaulicht und Sirene mit mehreren schweren Fahrzeugen zu uns. Es k\u00f6nnte ja was schlimmes sein\u2026 Meistens qualmt \u201enur\u201c ein verbranntes Br\u00f6tchen im Minibackofen von Marianne, dem Geschenk ihres Sohnes.<\/p>\n<p style=\"\">Marianne hat meistens nichts gemerkt, denn sie schlummert selig in ihrem Sessel. Zuerst erscheinen dann die internen Brandhelfer und sehen und beseitigen nat\u00fcrlich sofort die \u201eBrandursache\u201c.<\/p>\n<p style=\"\">\n<p style=\"\">Wenn aber die Feuerwehr und die Polizei mit mehreren M\u00e4nnern lautstark trampelt ins Zimmer st\u00fcrzen, ist der Schrecken auch bei Marianne gro\u00df. So etwas will man ihr nicht zumuten, aber die Feuerwehr muss pr\u00fcfen, ob das Br\u00f6tchen \u2013 bzw. das Geschenk des Sohnes von Marianne \u2013 wirklich die Ursache des Alarms ist.<\/p>\n<p style=\"\">\n<h5 style=\"\">Jeder Feuerwehreinsatz f\u00fchrt zu Verunsicherung und Angst!<\/h5>\n<p style=\"\">Was dann folgt, ist auch nicht lustig. Marianne muss nun ein Beratungsgespr\u00e4ch \u00fcber sich ergehen lassen. Dabei wird sie \u00fcber ihr Fehlverhalten und die daraus resultierenden Gefahren aufgekl\u00e4rt. Viel verstehen und umsetzen kann sie naturgem\u00e4\u00df nicht. Was bleibt ist Stress und Unruhe.<\/p>\n<p style=\"\">Auch der Sohn wird nach diesen Vorf\u00e4llen nat\u00fcrlich angerufen und informiert. Leider sieht er sein Fehlverhalten nicht ein. Er sieht auch nicht die Probleme, die er damit seiner Mutter, den Angestellten der Residenz und nicht zuletzt auch allen Bewohnern aufb\u00fcrdet. Denn nat\u00fcrlich erleben die anderen jeden Einsatz mit, bekommen Angst und stellen Fragen. Er geht sogar so weit, dass er achselzuckend die Eins\u00e4tze privat bezahlt.<\/p>\n<p style=\"\">\n<h5 style=\"\">\u200bUnterst\u00fctzung f\u00fcr Demenzkranke sieht anders aus!<\/h5>\n<p style=\"\">Ihr seht, dass mich dieses Thema besonders ber\u00fchrt. \u00dcbertriebene F\u00fcrsorge hilft niemandem, besonders wenn sie zu solchen vermeidbaren Problemen f\u00fchrt. Wir freuen uns immer \u00fcber mitf\u00fchlende und mitdenkende Angeh\u00f6rige. Denn dann entsteht ein starkes Vertrauensverh\u00e4ltnis, ein verst\u00e4ndnis- und friedvolles Miteinander. Zum Wohle des Erkrankten!<\/p>\n","protected":false},"excerpt":{"rendered":"<p>Aus der Praxis \u2013 Jola\u2019s Alltagserfahrungen Brandgefahr!! Wie falsche \u200bGeschenke f\u00fcr Demenzkranke alle in Gefahr bringt! Ein Brand in einer Pflegeresidenz oder der Wohnung deiner Mutter ist ein Horrorszenario, das niemand erleben will. Es endet h\u00e4ufig t\u00f6dlich oder hinterl\u00e4sst nicht wieder gut zu machende psychische Sch\u00e4den. Es gilt also, extrem vorsichtig zu sein und darauf [&hellip;]<\/p>\n","protected":false},"author":2,"featured_media":347,"comment_status":"open","ping_status":"closed","sticky":false,"template":"","format":"standard","meta":{"_monsterinsights_skip_tracking":false,"_monsterinsights_sitenote_active":false,"_monsterinsights_sitenote_note":"","_monsterinsights_sitenote_category":0,"footnotes":""},"categories":[24,20],"tags":[58,38,59],"class_list":["post-556","post","type-post","status-publish","format-standard","has-post-thumbnail","hentry","category-jolas-alltagsgeschichten","category-untermenue","tag-abschieben","tag-heim","tag-schlechtes-gewissen","post-wrapper","thrv_wrapper"],"yoast_head":"<!-- This site is optimized with the Yoast SEO plugin v27.4 - https:\/\/yoast.com\/product\/yoast-seo-wordpress\/ -->\n<title>Geschenke f\u00fcr Demenzkranke - Vorsicht, es kann gef\u00e4hrlich werden!<\/title>\n<meta name=\"description\" content=\"Man meint es gut, und macht es doch falsch. Demenzkranke haben andere Bed\u00fcrfnisse und nehmen Dinge anders wahr. Deshalb ist Vorsicht geboten!\" \/>\n<meta name=\"robots\" content=\"index, follow, max-snippet:-1, max-image-preview:large, max-video-preview:-1\" \/>\n<link rel=\"canonical\" href=\"https:\/\/demenz-und-du.de\/demenz-hilfe-fuer-angehoerige\/geschenke-fuer-demenzkranke\/\" \/>\n<meta property=\"og:locale\" content=\"de_DE\" \/>\n<meta property=\"og:type\" content=\"article\" \/>\n<meta property=\"og:title\" content=\"Geschenke f\u00fcr Demenzkranke - Vorsicht, es kann gef\u00e4hrlich werden!\" \/>\n<meta property=\"og:description\" content=\"Man meint es gut, und macht es doch falsch. Demenzkranke haben andere Bed\u00fcrfnisse und nehmen Dinge anders wahr. Deshalb ist Vorsicht geboten!\" \/>\n<meta property=\"og:url\" content=\"https:\/\/demenz-und-du.de\/demenz-hilfe-fuer-angehoerige\/geschenke-fuer-demenzkranke\/\" \/>\n<meta property=\"og:site_name\" content=\"Demenz Hilfe f\u00fcr Angeh\u00f6rige\" \/>\n<meta property=\"article:publisher\" content=\"https:\/\/www.facebook.com\/profile.php?id=100090981488333\" \/>\n<meta property=\"article:published_time\" content=\"2021-04-01T15:11:17+00:00\" \/>\n<meta property=\"article:modified_time\" content=\"2022-01-30T16:16:18+00:00\" \/>\n<meta property=\"og:image\" content=\"https:\/\/demenz-und-du.de\/wp-content\/uploads\/2021\/02\/shutterstock_1272286996.jpg\" \/>\n\t<meta property=\"og:image:width\" content=\"1000\" \/>\n\t<meta property=\"og:image:height\" content=\"667\" \/>\n\t<meta property=\"og:image:type\" content=\"image\/jpeg\" \/>\n<meta name=\"author\" content=\"Michael\" \/>\n<meta name=\"twitter:card\" content=\"summary_large_image\" \/>\n<meta name=\"twitter:label1\" content=\"Verfasst von\" \/>\n\t<meta name=\"twitter:data1\" content=\"Michael\" \/>\n\t<meta name=\"twitter:label2\" content=\"Gesch\u00e4tzte Lesezeit\" \/>\n\t<meta name=\"twitter:data2\" content=\"5\u00a0Minuten\" \/>\n<script type=\"application\/ld+json\" class=\"yoast-schema-graph\">{\"@context\":\"https:\\\/\\\/schema.org\",\"@graph\":[{\"@type\":\"Article\",\"@id\":\"https:\\\/\\\/demenz-und-du.de\\\/demenz-hilfe-fuer-angehoerige\\\/geschenke-fuer-demenzkranke\\\/#article\",\"isPartOf\":{\"@id\":\"https:\\\/\\\/demenz-und-du.de\\\/demenz-hilfe-fuer-angehoerige\\\/geschenke-fuer-demenzkranke\\\/\"},\"author\":{\"name\":\"Michael\",\"@id\":\"https:\\\/\\\/demenz-und-du.de\\\/demenz-hilfe-fuer-angehoerige\\\/#\\\/schema\\\/person\\\/3dc5b1e7c3a91a90031200e33ee10748\"},\"headline\":\"Gefahr f\u00fcr Leib und Leben &#8211; Falsche Geschenke f\u00fcr Demenzkranke k\u00f6nnen gef\u00e4hrlich sein!\",\"datePublished\":\"2021-04-01T15:11:17+00:00\",\"dateModified\":\"2022-01-30T16:16:18+00:00\",\"mainEntityOfPage\":{\"@id\":\"https:\\\/\\\/demenz-und-du.de\\\/demenz-hilfe-fuer-angehoerige\\\/geschenke-fuer-demenzkranke\\\/\"},\"wordCount\":869,\"commentCount\":0,\"publisher\":{\"@id\":\"https:\\\/\\\/demenz-und-du.de\\\/demenz-hilfe-fuer-angehoerige\\\/#organization\"},\"image\":{\"@id\":\"https:\\\/\\\/demenz-und-du.de\\\/demenz-hilfe-fuer-angehoerige\\\/geschenke-fuer-demenzkranke\\\/#primaryimage\"},\"thumbnailUrl\":\"https:\\\/\\\/demenz-und-du.de\\\/wp-content\\\/uploads\\\/2021\\\/02\\\/shutterstock_1272286996.jpg\",\"keywords\":[\"Abschieben\",\"Heim\",\"schlechtes Gewissen\"],\"articleSection\":[\"Jola's Alltagsgeschichten\",\"Untermen\u00fc\"],\"inLanguage\":\"de\",\"potentialAction\":[{\"@type\":\"CommentAction\",\"name\":\"Comment\",\"target\":[\"https:\\\/\\\/demenz-und-du.de\\\/demenz-hilfe-fuer-angehoerige\\\/geschenke-fuer-demenzkranke\\\/#respond\"]}]},{\"@type\":\"WebPage\",\"@id\":\"https:\\\/\\\/demenz-und-du.de\\\/demenz-hilfe-fuer-angehoerige\\\/geschenke-fuer-demenzkranke\\\/\",\"url\":\"https:\\\/\\\/demenz-und-du.de\\\/demenz-hilfe-fuer-angehoerige\\\/geschenke-fuer-demenzkranke\\\/\",\"name\":\"Geschenke f\u00fcr Demenzkranke - Vorsicht, es kann gef\u00e4hrlich werden!\",\"isPartOf\":{\"@id\":\"https:\\\/\\\/demenz-und-du.de\\\/demenz-hilfe-fuer-angehoerige\\\/#website\"},\"primaryImageOfPage\":{\"@id\":\"https:\\\/\\\/demenz-und-du.de\\\/demenz-hilfe-fuer-angehoerige\\\/geschenke-fuer-demenzkranke\\\/#primaryimage\"},\"image\":{\"@id\":\"https:\\\/\\\/demenz-und-du.de\\\/demenz-hilfe-fuer-angehoerige\\\/geschenke-fuer-demenzkranke\\\/#primaryimage\"},\"thumbnailUrl\":\"https:\\\/\\\/demenz-und-du.de\\\/wp-content\\\/uploads\\\/2021\\\/02\\\/shutterstock_1272286996.jpg\",\"datePublished\":\"2021-04-01T15:11:17+00:00\",\"dateModified\":\"2022-01-30T16:16:18+00:00\",\"description\":\"Man meint es gut, und macht es doch falsch. Demenzkranke haben andere Bed\u00fcrfnisse und nehmen Dinge anders wahr. Deshalb ist Vorsicht geboten!\",\"breadcrumb\":{\"@id\":\"https:\\\/\\\/demenz-und-du.de\\\/demenz-hilfe-fuer-angehoerige\\\/geschenke-fuer-demenzkranke\\\/#breadcrumb\"},\"inLanguage\":\"de\",\"potentialAction\":[{\"@type\":\"ReadAction\",\"target\":[\"https:\\\/\\\/demenz-und-du.de\\\/demenz-hilfe-fuer-angehoerige\\\/geschenke-fuer-demenzkranke\\\/\"]}]},{\"@type\":\"ImageObject\",\"inLanguage\":\"de\",\"@id\":\"https:\\\/\\\/demenz-und-du.de\\\/demenz-hilfe-fuer-angehoerige\\\/geschenke-fuer-demenzkranke\\\/#primaryimage\",\"url\":\"https:\\\/\\\/demenz-und-du.de\\\/wp-content\\\/uploads\\\/2021\\\/02\\\/shutterstock_1272286996.jpg\",\"contentUrl\":\"https:\\\/\\\/demenz-und-du.de\\\/wp-content\\\/uploads\\\/2021\\\/02\\\/shutterstock_1272286996.jpg\",\"width\":1000,\"height\":667},{\"@type\":\"BreadcrumbList\",\"@id\":\"https:\\\/\\\/demenz-und-du.de\\\/demenz-hilfe-fuer-angehoerige\\\/geschenke-fuer-demenzkranke\\\/#breadcrumb\",\"itemListElement\":[{\"@type\":\"ListItem\",\"position\":1,\"name\":\"Startseite\",\"item\":\"https:\\\/\\\/demenz-und-du.de\\\/demenz-hilfe-fuer-angehoerige\\\/\"},{\"@type\":\"ListItem\",\"position\":2,\"name\":\"Gefahr f\u00fcr Leib und Leben &#8211; Falsche Geschenke f\u00fcr Demenzkranke k\u00f6nnen gef\u00e4hrlich sein!\"}]},{\"@type\":\"WebSite\",\"@id\":\"https:\\\/\\\/demenz-und-du.de\\\/demenz-hilfe-fuer-angehoerige\\\/#website\",\"url\":\"https:\\\/\\\/demenz-und-du.de\\\/demenz-hilfe-fuer-angehoerige\\\/\",\"name\":\"Demenz Hilfe f\u00fcr Angeh\u00f6rige\",\"description\":\"Wir helfen Angeh\u00f6rigen dabei mit ihren Demenzkranken klar zu kommen.\",\"publisher\":{\"@id\":\"https:\\\/\\\/demenz-und-du.de\\\/demenz-hilfe-fuer-angehoerige\\\/#organization\"},\"potentialAction\":[{\"@type\":\"SearchAction\",\"target\":{\"@type\":\"EntryPoint\",\"urlTemplate\":\"https:\\\/\\\/demenz-und-du.de\\\/demenz-hilfe-fuer-angehoerige\\\/?s={search_term_string}\"},\"query-input\":{\"@type\":\"PropertyValueSpecification\",\"valueRequired\":true,\"valueName\":\"search_term_string\"}}],\"inLanguage\":\"de\"},{\"@type\":\"Organization\",\"@id\":\"https:\\\/\\\/demenz-und-du.de\\\/demenz-hilfe-fuer-angehoerige\\\/#organization\",\"name\":\"Demenz Hilfe f\u00fcr Angeh\u00f6rige\",\"url\":\"https:\\\/\\\/demenz-und-du.de\\\/demenz-hilfe-fuer-angehoerige\\\/\",\"logo\":{\"@type\":\"ImageObject\",\"inLanguage\":\"de\",\"@id\":\"https:\\\/\\\/demenz-und-du.de\\\/demenz-hilfe-fuer-angehoerige\\\/#\\\/schema\\\/logo\\\/image\\\/\",\"url\":\"https:\\\/\\\/demenz-und-du.de\\\/wp-content\\\/uploads\\\/2022\\\/10\\\/400JpgdpiLogo-scaled.jpg\",\"contentUrl\":\"https:\\\/\\\/demenz-und-du.de\\\/wp-content\\\/uploads\\\/2022\\\/10\\\/400JpgdpiLogo-scaled.jpg\",\"width\":2560,\"height\":1546,\"caption\":\"Demenz Hilfe f\u00fcr Angeh\u00f6rige\"},\"image\":{\"@id\":\"https:\\\/\\\/demenz-und-du.de\\\/demenz-hilfe-fuer-angehoerige\\\/#\\\/schema\\\/logo\\\/image\\\/\"},\"sameAs\":[\"https:\\\/\\\/www.facebook.com\\\/profile.php?id=100090981488333\",\"https:\\\/\\\/www.youtube.com\\\/channel\\\/UCS7nClFtrPq-4eQFfAFzNyw\"]},{\"@type\":\"Person\",\"@id\":\"https:\\\/\\\/demenz-und-du.de\\\/demenz-hilfe-fuer-angehoerige\\\/#\\\/schema\\\/person\\\/3dc5b1e7c3a91a90031200e33ee10748\",\"name\":\"Michael\",\"image\":{\"@type\":\"ImageObject\",\"inLanguage\":\"de\",\"@id\":\"https:\\\/\\\/secure.gravatar.com\\\/avatar\\\/058709bcb247227ce63c07259fc8a580ab473c7d482a772372f0a8bd91e6ffb0?s=96&d=mm&r=g\",\"url\":\"https:\\\/\\\/secure.gravatar.com\\\/avatar\\\/058709bcb247227ce63c07259fc8a580ab473c7d482a772372f0a8bd91e6ffb0?s=96&d=mm&r=g\",\"contentUrl\":\"https:\\\/\\\/secure.gravatar.com\\\/avatar\\\/058709bcb247227ce63c07259fc8a580ab473c7d482a772372f0a8bd91e6ffb0?s=96&d=mm&r=g\",\"caption\":\"Michael\"},\"sameAs\":[\"https:\\\/\\\/demenz-und-du.de\"],\"url\":\"https:\\\/\\\/demenz-und-du.de\\\/demenz-hilfe-fuer-angehoerige\\\/author\\\/gh72w1evnoi849olaq\\\/\"}]}<\/script>\n<!-- \/ Yoast SEO plugin. -->","yoast_head_json":{"title":"Geschenke f\u00fcr Demenzkranke - Vorsicht, es kann gef\u00e4hrlich werden!","description":"Man meint es gut, und macht es doch falsch. Demenzkranke haben andere Bed\u00fcrfnisse und nehmen Dinge anders wahr. Deshalb ist Vorsicht geboten!","robots":{"index":"index","follow":"follow","max-snippet":"max-snippet:-1","max-image-preview":"max-image-preview:large","max-video-preview":"max-video-preview:-1"},"canonical":"https:\/\/demenz-und-du.de\/demenz-hilfe-fuer-angehoerige\/geschenke-fuer-demenzkranke\/","og_locale":"de_DE","og_type":"article","og_title":"Geschenke f\u00fcr Demenzkranke - Vorsicht, es kann gef\u00e4hrlich werden!","og_description":"Man meint es gut, und macht es doch falsch. Demenzkranke haben andere Bed\u00fcrfnisse und nehmen Dinge anders wahr. Deshalb ist Vorsicht geboten!","og_url":"https:\/\/demenz-und-du.de\/demenz-hilfe-fuer-angehoerige\/geschenke-fuer-demenzkranke\/","og_site_name":"Demenz Hilfe f\u00fcr Angeh\u00f6rige","article_publisher":"https:\/\/www.facebook.com\/profile.php?id=100090981488333","article_published_time":"2021-04-01T15:11:17+00:00","article_modified_time":"2022-01-30T16:16:18+00:00","og_image":[{"width":1000,"height":667,"url":"https:\/\/demenz-und-du.de\/wp-content\/uploads\/2021\/02\/shutterstock_1272286996.jpg","type":"image\/jpeg"}],"author":"Michael","twitter_card":"summary_large_image","twitter_misc":{"Verfasst von":"Michael","Gesch\u00e4tzte Lesezeit":"5\u00a0Minuten"},"schema":{"@context":"https:\/\/schema.org","@graph":[{"@type":"Article","@id":"https:\/\/demenz-und-du.de\/demenz-hilfe-fuer-angehoerige\/geschenke-fuer-demenzkranke\/#article","isPartOf":{"@id":"https:\/\/demenz-und-du.de\/demenz-hilfe-fuer-angehoerige\/geschenke-fuer-demenzkranke\/"},"author":{"name":"Michael","@id":"https:\/\/demenz-und-du.de\/demenz-hilfe-fuer-angehoerige\/#\/schema\/person\/3dc5b1e7c3a91a90031200e33ee10748"},"headline":"Gefahr f\u00fcr Leib und Leben &#8211; Falsche Geschenke f\u00fcr Demenzkranke k\u00f6nnen gef\u00e4hrlich sein!","datePublished":"2021-04-01T15:11:17+00:00","dateModified":"2022-01-30T16:16:18+00:00","mainEntityOfPage":{"@id":"https:\/\/demenz-und-du.de\/demenz-hilfe-fuer-angehoerige\/geschenke-fuer-demenzkranke\/"},"wordCount":869,"commentCount":0,"publisher":{"@id":"https:\/\/demenz-und-du.de\/demenz-hilfe-fuer-angehoerige\/#organization"},"image":{"@id":"https:\/\/demenz-und-du.de\/demenz-hilfe-fuer-angehoerige\/geschenke-fuer-demenzkranke\/#primaryimage"},"thumbnailUrl":"https:\/\/demenz-und-du.de\/wp-content\/uploads\/2021\/02\/shutterstock_1272286996.jpg","keywords":["Abschieben","Heim","schlechtes Gewissen"],"articleSection":["Jola's Alltagsgeschichten","Untermen\u00fc"],"inLanguage":"de","potentialAction":[{"@type":"CommentAction","name":"Comment","target":["https:\/\/demenz-und-du.de\/demenz-hilfe-fuer-angehoerige\/geschenke-fuer-demenzkranke\/#respond"]}]},{"@type":"WebPage","@id":"https:\/\/demenz-und-du.de\/demenz-hilfe-fuer-angehoerige\/geschenke-fuer-demenzkranke\/","url":"https:\/\/demenz-und-du.de\/demenz-hilfe-fuer-angehoerige\/geschenke-fuer-demenzkranke\/","name":"Geschenke f\u00fcr Demenzkranke - Vorsicht, es kann gef\u00e4hrlich werden!","isPartOf":{"@id":"https:\/\/demenz-und-du.de\/demenz-hilfe-fuer-angehoerige\/#website"},"primaryImageOfPage":{"@id":"https:\/\/demenz-und-du.de\/demenz-hilfe-fuer-angehoerige\/geschenke-fuer-demenzkranke\/#primaryimage"},"image":{"@id":"https:\/\/demenz-und-du.de\/demenz-hilfe-fuer-angehoerige\/geschenke-fuer-demenzkranke\/#primaryimage"},"thumbnailUrl":"https:\/\/demenz-und-du.de\/wp-content\/uploads\/2021\/02\/shutterstock_1272286996.jpg","datePublished":"2021-04-01T15:11:17+00:00","dateModified":"2022-01-30T16:16:18+00:00","description":"Man meint es gut, und macht es doch falsch. Demenzkranke haben andere Bed\u00fcrfnisse und nehmen Dinge anders wahr. Deshalb ist Vorsicht geboten!","breadcrumb":{"@id":"https:\/\/demenz-und-du.de\/demenz-hilfe-fuer-angehoerige\/geschenke-fuer-demenzkranke\/#breadcrumb"},"inLanguage":"de","potentialAction":[{"@type":"ReadAction","target":["https:\/\/demenz-und-du.de\/demenz-hilfe-fuer-angehoerige\/geschenke-fuer-demenzkranke\/"]}]},{"@type":"ImageObject","inLanguage":"de","@id":"https:\/\/demenz-und-du.de\/demenz-hilfe-fuer-angehoerige\/geschenke-fuer-demenzkranke\/#primaryimage","url":"https:\/\/demenz-und-du.de\/wp-content\/uploads\/2021\/02\/shutterstock_1272286996.jpg","contentUrl":"https:\/\/demenz-und-du.de\/wp-content\/uploads\/2021\/02\/shutterstock_1272286996.jpg","width":1000,"height":667},{"@type":"BreadcrumbList","@id":"https:\/\/demenz-und-du.de\/demenz-hilfe-fuer-angehoerige\/geschenke-fuer-demenzkranke\/#breadcrumb","itemListElement":[{"@type":"ListItem","position":1,"name":"Startseite","item":"https:\/\/demenz-und-du.de\/demenz-hilfe-fuer-angehoerige\/"},{"@type":"ListItem","position":2,"name":"Gefahr f\u00fcr Leib und Leben &#8211; Falsche Geschenke f\u00fcr Demenzkranke k\u00f6nnen gef\u00e4hrlich sein!"}]},{"@type":"WebSite","@id":"https:\/\/demenz-und-du.de\/demenz-hilfe-fuer-angehoerige\/#website","url":"https:\/\/demenz-und-du.de\/demenz-hilfe-fuer-angehoerige\/","name":"Demenz Hilfe f\u00fcr Angeh\u00f6rige","description":"Wir helfen Angeh\u00f6rigen dabei mit ihren Demenzkranken klar zu kommen.","publisher":{"@id":"https:\/\/demenz-und-du.de\/demenz-hilfe-fuer-angehoerige\/#organization"},"potentialAction":[{"@type":"SearchAction","target":{"@type":"EntryPoint","urlTemplate":"https:\/\/demenz-und-du.de\/demenz-hilfe-fuer-angehoerige\/?s={search_term_string}"},"query-input":{"@type":"PropertyValueSpecification","valueRequired":true,"valueName":"search_term_string"}}],"inLanguage":"de"},{"@type":"Organization","@id":"https:\/\/demenz-und-du.de\/demenz-hilfe-fuer-angehoerige\/#organization","name":"Demenz Hilfe f\u00fcr Angeh\u00f6rige","url":"https:\/\/demenz-und-du.de\/demenz-hilfe-fuer-angehoerige\/","logo":{"@type":"ImageObject","inLanguage":"de","@id":"https:\/\/demenz-und-du.de\/demenz-hilfe-fuer-angehoerige\/#\/schema\/logo\/image\/","url":"https:\/\/demenz-und-du.de\/wp-content\/uploads\/2022\/10\/400JpgdpiLogo-scaled.jpg","contentUrl":"https:\/\/demenz-und-du.de\/wp-content\/uploads\/2022\/10\/400JpgdpiLogo-scaled.jpg","width":2560,"height":1546,"caption":"Demenz Hilfe f\u00fcr Angeh\u00f6rige"},"image":{"@id":"https:\/\/demenz-und-du.de\/demenz-hilfe-fuer-angehoerige\/#\/schema\/logo\/image\/"},"sameAs":["https:\/\/www.facebook.com\/profile.php?id=100090981488333","https:\/\/www.youtube.com\/channel\/UCS7nClFtrPq-4eQFfAFzNyw"]},{"@type":"Person","@id":"https:\/\/demenz-und-du.de\/demenz-hilfe-fuer-angehoerige\/#\/schema\/person\/3dc5b1e7c3a91a90031200e33ee10748","name":"Michael","image":{"@type":"ImageObject","inLanguage":"de","@id":"https:\/\/secure.gravatar.com\/avatar\/058709bcb247227ce63c07259fc8a580ab473c7d482a772372f0a8bd91e6ffb0?s=96&d=mm&r=g","url":"https:\/\/secure.gravatar.com\/avatar\/058709bcb247227ce63c07259fc8a580ab473c7d482a772372f0a8bd91e6ffb0?s=96&d=mm&r=g","contentUrl":"https:\/\/secure.gravatar.com\/avatar\/058709bcb247227ce63c07259fc8a580ab473c7d482a772372f0a8bd91e6ffb0?s=96&d=mm&r=g","caption":"Michael"},"sameAs":["https:\/\/demenz-und-du.de"],"url":"https:\/\/demenz-und-du.de\/demenz-hilfe-fuer-angehoerige\/author\/gh72w1evnoi849olaq\/"}]}},"_links":{"self":[{"href":"https:\/\/demenz-und-du.de\/demenz-hilfe-fuer-angehoerige\/wp-json\/wp\/v2\/posts\/556","targetHints":{"allow":["GET"]}}],"collection":[{"href":"https:\/\/demenz-und-du.de\/demenz-hilfe-fuer-angehoerige\/wp-json\/wp\/v2\/posts"}],"about":[{"href":"https:\/\/demenz-und-du.de\/demenz-hilfe-fuer-angehoerige\/wp-json\/wp\/v2\/types\/post"}],"author":[{"embeddable":true,"href":"https:\/\/demenz-und-du.de\/demenz-hilfe-fuer-angehoerige\/wp-json\/wp\/v2\/users\/2"}],"replies":[{"embeddable":true,"href":"https:\/\/demenz-und-du.de\/demenz-hilfe-fuer-angehoerige\/wp-json\/wp\/v2\/comments?post=556"}],"version-history":[{"count":9,"href":"https:\/\/demenz-und-du.de\/demenz-hilfe-fuer-angehoerige\/wp-json\/wp\/v2\/posts\/556\/revisions"}],"predecessor-version":[{"id":1277,"href":"https:\/\/demenz-und-du.de\/demenz-hilfe-fuer-angehoerige\/wp-json\/wp\/v2\/posts\/556\/revisions\/1277"}],"wp:featuredmedia":[{"embeddable":true,"href":"https:\/\/demenz-und-du.de\/demenz-hilfe-fuer-angehoerige\/wp-json\/wp\/v2\/media\/347"}],"wp:attachment":[{"href":"https:\/\/demenz-und-du.de\/demenz-hilfe-fuer-angehoerige\/wp-json\/wp\/v2\/media?parent=556"}],"wp:term":[{"taxonomy":"category","embeddable":true,"href":"https:\/\/demenz-und-du.de\/demenz-hilfe-fuer-angehoerige\/wp-json\/wp\/v2\/categories?post=556"},{"taxonomy":"post_tag","embeddable":true,"href":"https:\/\/demenz-und-du.de\/demenz-hilfe-fuer-angehoerige\/wp-json\/wp\/v2\/tags?post=556"}],"curies":[{"name":"wp","href":"https:\/\/api.w.org\/{rel}","templated":true}]}}