{"id":1760,"date":"2022-11-24T13:12:01","date_gmt":"2022-11-24T12:12:01","guid":{"rendered":"https:\/\/demenz-und-du.de\/?p=1760"},"modified":"2025-03-27T08:44:00","modified_gmt":"2025-03-27T07:44:00","slug":"ob-alzheimer-oder-altersdemenz-auf-die-pflege-von-angehoerigen-kannst-du-dich-vorbereiten","status":"publish","type":"post","link":"https:\/\/demenz-und-du.de\/demenz-hilfe-fuer-angehoerige\/ob-alzheimer-oder-altersdemenz-auf-die-pflege-von-angehoerigen-kannst-du-dich-vorbereiten\/","title":{"rendered":"Altersdemenz-Pflege zu Hause &#8211; Geht das \u00fcberhaupt?"},"content":{"rendered":"<h2><b><span style=\"font-size: 24px;\">Altersdemenz-Pflege zu Hause &#8211;&nbsp;<\/span><\/b><\/h2>\n<h2><b><span style=\"font-size: 24px;\">Die Pflege von Angeh\u00f6rigen kann man lernen!<\/span><\/b><\/h2>\n<p><b><span style=\"font-weight: normal;\"><span style=\"font-size: 24px;\"><\/span><\/span><span><span style=\"font-size: 18px;\">Der Verlauf der Demenz verl\u00e4uft schleichend und nicht vorhersehbar.<\/span><\/span><\/b><\/p>\n<p><b><span style=\"font-weight: normal;\">Leider musst du als Angeh\u00f6riger davon ausgehen, dass sich die Situation nicht mehr verbessern, sondern vielmehr deine Unterst\u00fctzung mehr und mehr gefordert sein wird.<\/span><\/b><\/p>\n<\/p>\n<p><b><span style=\"font-weight: normal;\"><span data-wp-c16t=\"true\" data-wp-component=\"Text\">Sei dir bewusst: Die Betreuung von Angeh\u00f6rigen mit Alzheimer oder Altersdemenz verlangt nicht nur viel Hingabe, sondern viel mehr auch enorme physische und psychische Kraftanstrengungen!<\/span><\/span><\/b><\/p>\n<p><b><span style=\"font-weight: normal;\">Das ist eine riesige Belastung, und zwar sowohl f\u00fcr dich als auch f\u00fcr den Erkrankten.<\/span><\/b><\/p>\n<p><b><span style=\"font-weight: normal;\">Denn der Erkrankte bemerkt, besonders in der Anfangsphase der Krankheit, meistens seine Ver\u00e4nderungen gegen die er sich wehren kann und versucht, diese zu \u00fcberspielen.<\/span><\/b><\/p>\n<p><b><span style=\"font-weight: normal;\">Dabei kommt es h\u00e4ufig zu Konflikten, Vorw\u00fcrfen und aggressivem Verhalten von beiden Seiten.<\/span><\/b><\/p>\n<p><b><span style=\"font-weight: normal;\">Um das zu vermeiden bzw. auf ein Minimum zu reduzieren, ist es so wichtig, dass der Erkrankte sich wohl f\u00fchlt, sich ernst genommen f\u00fchlt und das Gef\u00fchl der Akzeptanz vermittelt bekommt.<\/span><\/b><\/p>\n<p><b><span style=\"font-weight: normal;\">Je mehr das der Fall ist, desto eher kann sich eine harmonische Beziehung zwischen dem Erkrankten und dem jeweiligen Betreuer entwickeln.<\/span><\/b><\/p>\n<p><b><span style=\"font-weight: normal;\">Unerl\u00e4sslich ist dabei besonders, dass du als Betreuer einen positiven Blick auf die F\u00e4higkeiten des demenziell Erkrankten beh\u00e4ltst und einen wertsch\u00e4tzenden und empathischen Umgang pflegst.<\/span><\/b><\/p>\n<p><b><span style=\"font-weight: normal;\">Auch wenn es manchmal sehr schwer f\u00e4llt, nicht aus der Haut zu fahren, wenn wieder etwas anderes als erwartet passiert\u2026Also, wie kann dir das gelingen?<\/span><\/b><\/p>\n<h3 style=\"font-size: 22px !important;\"><\/h3>\n<h3><span style=\"font-weight: normal;\"><em><b><span>\u200b<\/span><\/b><\/em><\/span><em><b><span><strong>Pflegende Angeh\u00f6rige brauchen viel Empat\u200b\u200b\u200b\u200b\u200b\u200b\u200b\u200b\u200b\u200b\u200b\u200b\u200b\u200b\u200bh<\/strong><\/span><\/b><\/em><strong><em><b><span>ie<\/span><\/b><\/em><\/strong><\/h3>\n<p><b><span style=\"font-weight: normal;\">Vor allem anderen steht ein empathisches Verhalten. Das bedeutet, die Welt des anderen so zu verstehen, darin einzutauchen und so dem Erkrankten das Gef\u00fchl zu geben, dass er wahrgenommen und akzeptiert wird.<\/span><\/b><\/p>\n<p><b><span style=\"font-weight: normal;\">Jede Art von Vorw\u00fcrfen ist absolut kontraproduktiv und f\u00fchrt nur zu einem Abwehrverhalten, das sich auf verschiedenste Art \u00e4u\u00dfern kann.<\/span><\/b><\/p>\n<p><b><span style=\"font-weight: normal;\">Direkt verbunden mit der Empathie ist aber auch die Akzeptanz der gegebenen Situation. Dies f\u00e4llt vielen betreuenden Angeh\u00f6rigen extrem schwer, denn sie sind verzweifelt und wollen die Situation, so wie sie sich darstellt, nicht akzeptieren.<\/span><\/b><\/p>\n<p><b><span style=\"font-weight: normal;\">Somit machen es sich viele betreuende Angeh\u00f6rige selbst schwer, die gegebene und nicht \u00e4nderbare Situation zu \u00fcberstehen.<\/span><\/b><\/p>\n<\/p>\n<p><b><span style=\"font-weight: normal;\">Typisch ist auch eine Abwehrhaltung des demenziell Erkrankten. Er will sich scheinbar gar nicht helfen lassen!<\/span><\/b><\/p>\n<\/p>\n<p><b><span style=\"font-weight: normal;\">Weil dieser Punkt so h\u00e4ufig bei Angeh\u00f6rigen zu Frustration f\u00fchrt, haben wir dazu auch ein <\/span><\/b><a href=\"https:\/\/youtu.be\/qR-22OCw9ro\" target=\"_blank\" rel=\"nofollow\" style=\"outline: none;\"><b><span style=\"font-weight: normal;\">Video auf YouTube<\/span><\/b><\/a><b><span style=\"font-weight: normal;\"> eingestellt.<\/span><\/b><\/p>\n<p><b><span style=\"font-weight: normal;\">Denn der Erkrankte sp\u00fcrt diese innere Unruhe, die Verzweiflung, den Frust. Das f\u00fchrt zu gro\u00dfer Unsicherheit mit dem Ergebnis, dass das Vertrauen zwischen dem betreuenden Angeh\u00f6rigen und dem Erkrankten schwindet.<\/span><\/b><\/p>\n<h3><em><\/em><\/h3>\n<h3><em>Demente neigen zu Abwehrverhalten<\/em><\/h3>\n<p><b><span style=\"font-weight: normal;\">Demenziell Erkrankte haben ein sehr feines Gesp\u00fcr f\u00fcr emotionale Schwankungen der Personen in der nahen Umgebung. F\u00fchlen sie sich nicht ernst genommen, f\u00fchrt das schnell zu einem Abwehrverhalten.<\/span><\/b><\/p>\n<p><b><span style=\"font-weight: normal;\">Dabei sind die Grundbed\u00fcrfnisse dieselben wie bei gesunden Menschen! Demenziell Erkrankte sehnen sich nach Liebe, nach Bindung und Trost. <\/span><\/b><\/p>\n<\/p>\n<p><b><span style=\"font-weight: normal;\">Aber auch das Einbeziehen in das t\u00e4gliche Leben, das Mitmachen bei gelernten Gewohnheiten spielt eine gro\u00dfe Rolle. Letztendlich will der Erkrankte seine Identit\u00e4t nicht verlieren.<\/span><\/b><\/p>\n<p><b><span style=\"font-weight: normal;\">Von daher ist f\u00fcr dich als Angeh\u00f6rigen nichts wichtiger, als immer wieder zu demonstrieren, und zwar ganz ehrlich, dass du dir Zeit nimmst, ein echtes Interesse zeigst und immer wieder symbolisierst, dass der Erkrankte genauso sein darf, wie er ist.<\/span><\/b><\/p>\n<h3 style=\"font-size: 22px !important;\"><em><b><span><span style=\"font-weight: normal;\">\u200b<\/span><strong>Die Grundlagen f\u00fcr die Pflege von Angeh\u00f6rigen sind erlernbar!<\/strong>&nbsp;<\/span><\/b><\/em><\/h3>\n<p><b><span style=\"font-weight: normal;\">In der professionellen Betreuung von demenziell erkrankten Menschen, sei es Altersdemenz, Alzheimer oder andere Arten der Demenz, folgt man deshalb in aller Regel diesen zw\u00f6lf Ans\u00e4tzen nach Tom Kitwood:<\/span><\/b><\/p>\n<p><b><span style=\"font-weight: normal;\"><\/span><span><strong><span style=\"text-decoration: underline;\">1. &nbsp; &nbsp;Erkennen und Anerkennen: <\/span><\/strong><\/span><span style=\"font-weight: normal;\">Durch Ansprache, Blickkontakt und achtsames Zuh\u00f6ren wird dem Erkrankten vorurteilsfrei und wertsch\u00e4tzend begegnet<\/span><span><strong><span style=\"text-decoration: underline;\">2. &nbsp; &nbsp;Verhandeln und Aushandeln: <\/span><\/strong><\/span><span style=\"font-weight: normal;\">Die betreuende Person fragt nach W\u00fcnschen und Bed\u00fcrfnissen des Erkrankten und ber\u00fccksichtigt diese soweit es irgendwie geht. Damit wird dem Erkrankten ein gewisses Ma\u00df an Kontrolle gegeben.<\/span><span><strong>3. &nbsp; &nbsp;Zusammenarbeit:<\/strong><\/span><span style=\"font-weight: normal;\"> Durch gemeinsamen arbeiten oder erledigen von Aufgaben, erh\u00e4lt der demenziell Erkrankte die Gelegenheit, seine F\u00e4higkeiten zu nutzen anstatt in eine passive Rolle gedr\u00e4ngt zu werden.<\/span><span><strong>4. &nbsp; &nbsp;Spiel und Unterhaltung:<\/strong><\/span><span style=\"font-weight: normal;\"> Nicht alles was man tut und anbietet muss einem tieferen Sinn folgen. Oftmals will der Erkrankte einfach nur da sein und nicht irgendwelchen Regeln folgen. Eine Unterhaltung oder einfach nur zuh\u00f6ren wirken befreiend.<\/span><span><strong>5. &nbsp; &nbsp;Basale Stimulation:<\/strong><\/span><span style=\"font-weight: normal;\"> Dort, wo Worte nicht mehr wirken, kann durch andere Sinnesreize, sensorische oder sinnbezogene Anregungen, eine Kommunikation aufgebaut werden. Versuche es mal mit Farben, Musik oder D\u00fcften!<\/span><span><strong>6. &nbsp; &nbsp;Feste feiern:<\/strong><\/span><span style=\"font-weight: normal;\"> Gesellige Runden, lachen, singen machen richtig Spa\u00df! Dabei aber ganz genau hinschauen, denn irgendwann kann das den Erkrankten auch stressen.<\/span><span><strong>7. &nbsp; &nbsp;Entspannen:<\/strong><\/span><span style=\"font-weight: normal;\"> Auch Entspannung ist wichtig, vielleicht sogar mehr denn je. Achte darauf, dass der Betroffene gen\u00fcgend Ruhezeiten bekommt und sich zur\u00fcckziehen kann.<\/span><span><strong>8. &nbsp; &nbsp;Validation:<\/strong><\/span><span style=\"font-weight: normal;\"> Das sich Hineinversetzen in die Gef\u00fchls- und Erlebniswelt des Erkrankten gibt diesem die Sicherheit und Geborgenheit, die er braucht. Es erfordert ein wenig \u00dcbung und viel Empathie.<\/span><\/b><b><span style=\"font-weight: normal;\"><\/span><span><strong>9. &nbsp; &nbsp;Halten:<\/strong><\/span><span style=\"font-weight: normal;\"> Viele demenziell Erkrankte brauchen N\u00e4he und Geborgenheit, wollen Ber\u00fchrungen. Wenn dies der Fall ist, solltest du dem nachkommen. Es muss aber auch dir gut tun.<\/span><span><strong>10. &nbsp; &nbsp;Erleichtern:<\/strong><\/span><span style=\"font-weight: normal;\"> Einerseits ist es gut, dem Erkrankten m\u00f6glichst viel Freiheit zu geben und ihn auch mal machen lassen. Wenn du aber sp\u00fcrst, dass es nicht weiter geht, so biete auf jeden Fall Hilfestellung an. Nach dem Motto \u201eSo viel wie n\u00f6tig, so wenig wie m\u00f6glich\u201c. Zielf\u00fchrend ist es, die Handlungen, die der Erkrankte nicht mehr alleine schafft, gemeinsam mit ihm durchzuf\u00fchren.<\/span><span><strong>11. &nbsp; &nbsp;Rituale:<\/strong><\/span><span style=\"font-weight: normal;\"> Menschen mit Demenz reagieren sehr positiv auf einen gewohnten Tagesablauf. Das gibt Sicherheit und damit weniger Angst. Versuche also, bestimmte&nbsp;<\/span><span>Dinge<\/span><span style=\"font-weight: normal;\"> immer in der gleichen Art und Weise durchzuf\u00fchren.<\/span><\/b><\/p>\n<p><b><span style=\"font-weight: normal;\"><strong><span><strong>12. &nbsp; &nbsp;Geben:<\/strong><\/span><\/strong> Menschen mit Demenz neigen sehr h\u00e4ufig dazu, ihre Besorgnis oder Dankbarkeit zum Ausdruck bringen zu wollen. Sie haben das Gef\u00fchl, sich irgendwie revanchieren zu m\u00fcssen. Nimm diese Gesten ruhig an, das zeigt Respekt und Dankbarkeit deinerseits.Du merkst, es gibt immer L\u00f6sungen. Mit den dargestellten Ans\u00e4tzen kann man sich gut vorbereiten.<\/span><\/b><\/p>\n<p><b><span style=\"font-weight: normal;\">Altersdemenz schreitet allm\u00e4hlich voran. Es wen immer wieder neue Anpassungen in deinem Handeln n\u00f6tig sein.<\/span><\/b><\/p>\n<p><b><span style=\"font-weight: normal;\">Grundvoraussetzung sind Empathie, Lernbereitschaft und die Bereitschaft zur Selbstreflexion. Auch ein \u201edickes Fell\u201c solltest du dir zulegen, denn nicht immer wird alles wie gew\u00fcnscht funktionieren.<\/span><\/b><\/p>\n<p><b><span style=\"font-weight: normal;\">Doch es lohnt sich! Mit den aufgez\u00e4hlten Methoden wird es dir m\u00f6glich sein, eine stabile und friedliche Beziehung zum Erkrankten aufzubauen bzw. zu erhalten.<\/span><\/b><\/p>\n<p><b><span style=\"font-weight: normal;\"><\/span><\/b><\/p>\n","protected":false},"excerpt":{"rendered":"<p>Die Betreuung von Angeh\u00f6rigen mit Alzheimer oder Altersdemenz verlangt viel Hingabe.<\/p>\n","protected":false},"author":2,"featured_media":486,"comment_status":"open","ping_status":"closed","sticky":false,"template":"","format":"standard","meta":{"_monsterinsights_skip_tracking":false,"_monsterinsights_sitenote_active":false,"_monsterinsights_sitenote_note":"","_monsterinsights_sitenote_category":0,"footnotes":"","tve_updated_post":"<div class=\"thrv_wrapper thrv_text_element\"><h2 class=\"\"><b><span style=\"font-size: 24px;\" data-css=\"tve-u-184a980a303\">Altersdemenz-Pflege zu Hause -&nbsp;<\/span><\/b><\/h2><h2 class=\"\"><b><span data-css=\"tve-u-184a980a306\" style=\"font-size: 24px;\">Die Pflege von Angeh\u00f6rigen kann man lernen!<\/span><\/b><\/h2><p data-css=\"tve-u-195c80a052b\"><b><span data-css=\"tve-u-184a980a307\" style=\"font-weight: normal;\"><span data-css=\"tve-u-184a980a309\" style=\"font-size: 24px;\"><br><\/span><\/span><span data-css=\"tve-u-184a97d0e04\"><span data-css=\"tve-u-184a97d0e06\" style=\"font-size: 18px;\">Der Verlauf der Demenz verl\u00e4uft schleichend und nicht vorhersehbar.<\/span><\/span><\/b><\/p><p data-css=\"tve-u-195c80a052b\"><b><span data-css=\"tve-u-184a980a30b\" style=\"font-weight: normal;\"><br>Leider musst du als Angeh\u00f6riger davon ausgehen, dass sich die Situation nicht mehr verbessern, sondern vielmehr deine Unterst\u00fctzung mehr und mehr gefordert sein wird.<\/span><\/b><\/p><p data-css=\"tve-u-195c80a052b\"><br><\/p><p data-css=\"tve-u-195c80a052b\"><b><span data-css=\"tve-u-184a980a30b\" style=\"font-weight: normal;\"><span data-wp-c16t=\"true\" data-wp-component=\"Text\">Sei dir bewusst: Die Betreuung von Angeh\u00f6rigen mit Alzheimer oder Altersdemenz verlangt nicht nur viel Hingabe, sondern viel mehr auch enorme physische und psychische Kraftanstrengungen!<\/span><\/span><\/b><\/p><p data-css=\"tve-u-195c80a052b\"><b><span data-css=\"tve-u-1884d503420\" style=\"font-weight: normal;\"><br>Das ist eine riesige Belastung, und zwar sowohl f\u00fcr dich als auch f\u00fcr den Erkrankten.<\/span><\/b><\/p><p data-css=\"tve-u-195c80a6b13\"><b><span data-css=\"tve-u-1884d503421\" style=\"font-weight: normal;\"><br>Denn der Erkrankte bemerkt, besonders in der Anfangsphase der Krankheit, meistens seine Ver\u00e4nderungen gegen die er sich wehren kann und versucht, diese zu \u00fcberspielen.<\/span><\/b><\/p><p data-css=\"tve-u-184a9834757\"><b><span data-css=\"tve-u-1884d503423\" style=\"font-weight: normal;\"><br>Dabei kommt es h\u00e4ufig zu Konflikten, Vorw\u00fcrfen und aggressivem Verhalten von beiden Seiten.<\/span><\/b><\/p><p data-css=\"tve-u-195c80b77ca\"><b><span data-css=\"tve-u-1884d503424\" style=\"font-weight: normal;\"><br>Um das zu vermeiden bzw. auf ein Minimum zu reduzieren, ist es so wichtig, dass der Erkrankte sich wohl f\u00fchlt, sich ernst genommen f\u00fchlt und das Gef\u00fchl der Akzeptanz vermittelt bekommt.<\/span><\/b><\/p><p data-css=\"tve-u-195c80b614f\"><b><span data-css=\"tve-u-1884d503425\" style=\"font-weight: normal;\"><br>Je mehr das der Fall ist, desto eher kann sich eine harmonische Beziehung zwischen dem Erkrankten und dem jeweiligen Betreuer entwickeln.<\/span><\/b><\/p><p data-css=\"tve-u-184a9834757\"><b><span data-css=\"tve-u-1884d503427\" style=\"font-weight: normal;\"><br>Unerl\u00e4sslich ist dabei besonders, dass du als Betreuer einen positiven Blick auf die F\u00e4higkeiten des demenziell Erkrankten beh\u00e4ltst und einen wertsch\u00e4tzenden und empathischen Umgang pflegst.<\/span><\/b><\/p><p data-css=\"tve-u-195c80bb027\"><b><span data-css=\"tve-u-184a981cc02\" style=\"font-weight: normal;\"><br>Auch wenn es manchmal sehr schwer f\u00e4llt, nicht aus der Haut zu fahren, wenn wieder etwas anderes als erwartet passiert\u2026<br>Also, wie kann dir das gelingen?<\/span><\/b><\/p><h3 class=\"\" style=\"font-size: 22px !important;\"><br><\/h3><h3 class=\"\"><span style=\"font-weight: normal;\"><em class=\"\"><b class=\"\"><span data-css=\"tve-u-184a981cc03\"><\/span><\/b><\/em><\/span><em class=\"\"><b class=\"\"><span data-css=\"tve-u-184a981cc03\"><strong>Pflegende Angeh\u00f6rige brauchen viel Empath<\/strong><\/span><\/b><\/em><strong><em class=\"\"><b><span data-css=\"tve-u-184a981cc03\">ie<\/span><\/b><\/em><\/strong><\/h3><p data-css=\"tve-u-184a97dde28\"><b><span data-css=\"tve-u-1884d50342a\" style=\"font-weight: normal;\"><br>Vor allem anderen steht ein empathisches Verhalten. Das bedeutet, die Welt des anderen so zu verstehen, darin einzutauchen und so dem Erkrankten das Gef\u00fchl zu geben, dass er wahrgenommen und akzeptiert wird.<\/span><\/b><\/p><p data-css=\"tve-u-188242d8726\"><b><span data-css=\"tve-u-1884d50342b\" style=\"font-weight: normal;\"><br>Jede Art von Vorw\u00fcrfen ist absolut kontraproduktiv und f\u00fchrt nur zu einem Abwehrverhalten, das sich auf verschiedenste Art \u00e4u\u00dfern kann.<\/span><\/b><\/p><p data-css=\"tve-u-188242db6e0\"><b><span data-css=\"tve-u-1884d50342d\" style=\"font-weight: normal;\"><br>Direkt verbunden mit der Empathie ist aber auch die Akzeptanz der gegebenen Situation. Dies f\u00e4llt vielen betreuenden Angeh\u00f6rigen extrem schwer, denn sie sind verzweifelt und wollen die Situation, so wie sie sich darstellt, nicht akzeptieren.<\/span><\/b><\/p><p data-css=\"tve-u-188242db6e0\"><b><span data-css=\"tve-u-1884d50342e\" style=\"font-weight: normal;\"><br>Somit machen es sich viele betreuende Angeh\u00f6rige selbst schwer, die gegebene und nicht \u00e4nderbare Situation zu \u00fcberstehen.<\/span><\/b><\/p><p data-css=\"tve-u-188242db6e0\"><br><\/p><p data-css=\"tve-u-188242db6e0\"><b><span data-css=\"tve-u-1884d503431\" style=\"font-weight: normal;\">Typisch ist auch eine Abwehrhaltung des demenziell Erkrankten. Er will sich scheinbar gar nicht helfen lassen!<\/span><\/b><\/p><p data-css=\"tve-u-188242db6e0\"><br><\/p><p data-css=\"tve-u-188242db6e0\"><b><span data-css=\"tve-u-1884d503434\" style=\"font-weight: normal;\">Weil dieser Punkt so h\u00e4ufig bei Angeh\u00f6rigen zu Frustration f\u00fchrt, haben wir dazu auch ein <\/span><\/b><a href=\"https:\/\/youtu.be\/qR-22OCw9ro\" target=\"_blank\" rel=\"nofollow\" class=\"\" style=\"outline: none;\"><b><span data-css=\"tve-u-1884d503435\" style=\"font-weight: normal;\">Video auf YouTube<\/span><\/b><\/a><b><span data-css=\"tve-u-1884d503436\" style=\"font-weight: normal;\"> eingestellt.<\/span><\/b><br><\/p><p data-css=\"tve-u-188242d94fe\"><b><span data-css=\"tve-u-1884d503438\" style=\"font-weight: normal;\"><br>Denn der Erkrankte sp\u00fcrt diese innere Unruhe, die Verzweiflung, den Frust. <br>Das f\u00fchrt zu gro\u00dfer Unsicherheit mit dem Ergebnis, dass das Vertrauen zwischen dem betreuenden Angeh\u00f6rigen und dem Erkrankten schwindet.<\/span><\/b><\/p><h3 class=\"\"><em><br><\/em><\/h3><h3 class=\"\"><em>Demente neigen zu Abwehrverhalten<\/em><br><\/h3><p data-css=\"tve-u-188242ddce9\"><b><span data-css=\"tve-u-1884d503439\" style=\"font-weight: normal;\"><br>Demenziell Erkrankte haben ein sehr feines Gesp\u00fcr f\u00fcr emotionale Schwankungen der Personen in der nahen Umgebung. F\u00fchlen sie sich nicht ernst genommen, f\u00fchrt das schnell zu einem Abwehrverhalten.<\/span><\/b><\/p><p data-css=\"tve-u-188242df5ea\"><b><span data-css=\"tve-u-1884d50343a\" style=\"font-weight: normal;\"><br>Dabei sind die Grundbed\u00fcrfnisse dieselben wie bei gesunden Menschen! Demenziell Erkrankte sehnen sich nach Liebe, nach Bindung und Trost. <\/span><\/b><\/p><p data-css=\"tve-u-188242df5ea\"><br><\/p><p data-css=\"tve-u-188242df5ea\"><b><span data-css=\"tve-u-1884d50343c\" style=\"font-weight: normal;\">Aber auch das Einbeziehen in das t\u00e4gliche Leben, das Mitmachen bei gelernten Gewohnheiten spielt eine gro\u00dfe Rolle. Letztendlich will der Erkrankte seine Identit\u00e4t nicht verlieren.<\/span><\/b><\/p><p data-css=\"tve-u-188242e0deb\"><b><span data-css=\"tve-u-1884d50343d\" style=\"font-weight: normal;\"><br>Von daher ist f\u00fcr dich als Angeh\u00f6rigen nichts wichtiger, als immer wieder zu demonstrieren, und zwar ganz ehrlich, dass du dir Zeit nimmst, ein echtes Interesse zeigst und immer wieder symbolisierst, dass der Erkrankte genauso sein darf, wie er ist.<\/span><\/b><\/p><h3 class=\"\" style=\"font-size: 22px !important;\"><em><b><br><span data-css=\"tve-u-184a980a30c\"><span style=\"font-weight: normal;\"><\/span><strong>Die Grundlagen f\u00fcr die Pflege von Angeh\u00f6rigen sind erlernbar!<\/strong>&nbsp;<\/span><\/b><\/em><\/h3><p data-css=\"tve-u-1884d503407\"><b><span data-css=\"tve-u-1884d503408\" style=\"font-weight: normal;\"><br>In der professionellen Betreuung von demenziell erkrankten Menschen, sei es Altersdemenz, Alzheimer oder andere Arten der Demenz, folgt man deshalb in aller Regel diesen zw\u00f6lf Ans\u00e4tzen nach Tom Kitwood:<\/span><\/b><\/p><p data-css=\"tve-u-184a987e205\"><b><span data-css=\"tve-u-1884d503445\" style=\"font-weight: normal;\"><br><\/span><span data-css=\"tve-u-184a980a30c\"><strong><span style=\"text-decoration: underline;\" data-css=\"tve-u-1884d503447\">1. &nbsp; &nbsp;Erkennen und Anerkennen: <\/span><\/strong><\/span><span data-css=\"tve-u-1884d503449\" style=\"font-weight: normal;\">Durch Ansprache, Blickkontakt und achtsames Zuh\u00f6ren wird dem Erkrankten vorurteilsfrei und wertsch\u00e4tzend begegnet<br><\/span><span data-css=\"tve-u-184a980a30c\"><strong><span style=\"text-decoration: underline;\" data-css=\"tve-u-1884d50344b\">2. &nbsp; &nbsp;Verhandeln und Aushandeln: <\/span><\/strong><\/span><span data-css=\"tve-u-1884d50344e\" style=\"font-weight: normal;\">Die betreuende Person fragt nach W\u00fcnschen und Bed\u00fcrfnissen des Erkrankten und ber\u00fccksichtigt diese soweit es irgendwie geht. Damit wird dem Erkrankten ein gewisses Ma\u00df an Kontrolle gegeben.<br><\/span><span data-css=\"tve-u-184a980a30c\"><strong>3. &nbsp; &nbsp;Zusammenarbeit:<\/strong><\/span><span data-css=\"tve-u-1884d50344f\" style=\"font-weight: normal;\"> Durch gemeinsamen arbeiten oder erledigen von Aufgaben, erh\u00e4lt der demenziell Erkrankte die Gelegenheit, seine F\u00e4higkeiten zu nutzen anstatt in eine passive Rolle gedr\u00e4ngt zu werden.<br><\/span><span data-css=\"tve-u-184a980a30c\"><strong>4. &nbsp; &nbsp;Spiel und Unterhaltung:<\/strong><\/span><span data-css=\"tve-u-1884d503452\" style=\"font-weight: normal;\"> Nicht alles was man tut und anbietet muss einem tieferen Sinn folgen. Oftmals will der Erkrankte einfach nur da sein und nicht irgendwelchen Regeln folgen. Eine Unterhaltung oder einfach nur zuh\u00f6ren wirken befreiend.<br><\/span><span data-css=\"tve-u-184a980a30c\"><strong>5. &nbsp; &nbsp;Basale Stimulation:<\/strong><\/span><span data-css=\"tve-u-1884d503454\" style=\"font-weight: normal;\"> Dort, wo Worte nicht mehr wirken, kann durch andere Sinnesreize, sensorische oder sinnbezogene Anregungen, eine Kommunikation aufgebaut werden. Versuche es mal mit Farben, Musik oder D\u00fcften!<br><\/span><span data-css=\"tve-u-184a980a30c\"><strong>6. &nbsp; &nbsp;Feste feiern:<\/strong><\/span><span data-css=\"tve-u-1884d503456\" style=\"font-weight: normal;\"> Gesellige Runden, lachen, singen machen richtig Spa\u00df! Dabei aber ganz genau hinschauen, denn irgendwann kann das den Erkrankten auch stressen.<br><\/span><span data-css=\"tve-u-184a980a30c\"><strong>7. &nbsp; &nbsp;Entspannen:<\/strong><\/span><span data-css=\"tve-u-1884d503457\" style=\"font-weight: normal;\"> Auch Entspannung ist wichtig, vielleicht sogar mehr denn je. Achte darauf, dass der Betroffene gen\u00fcgend Ruhezeiten bekommt und sich zur\u00fcckziehen kann.<br><\/span><span data-css=\"tve-u-184a980a30c\"><strong>8. &nbsp; &nbsp;Validation:<\/strong><\/span><span data-css=\"tve-u-1884d503459\" style=\"font-weight: normal;\"> Das sich Hineinversetzen in die Gef\u00fchls- und Erlebniswelt des Erkrankten gibt diesem die Sicherheit und Geborgenheit, die er braucht. Es erfordert ein wenig \u00dcbung und viel Empathie.<\/span><\/b><b><span data-css=\"tve-u-1884d50345b\" style=\"font-weight: normal;\"><br><\/span><span data-css=\"tve-u-184a980a30c\"><strong>9. &nbsp; &nbsp;Halten:<\/strong><\/span><span data-css=\"tve-u-1884d50345c\" style=\"font-weight: normal;\"> Viele demenziell Erkrankte brauchen N\u00e4he und Geborgenheit, wollen Ber\u00fchrungen. Wenn dies der Fall ist, solltest du dem nachkommen. Es muss aber auch dir gut tun.<br><\/span><span data-css=\"tve-u-184a980a30c\"><strong>10. &nbsp; &nbsp;Erleichtern:<\/strong><\/span><span data-css=\"tve-u-1884d50345e\" style=\"font-weight: normal;\"> Einerseits ist es gut, dem Erkrankten m\u00f6glichst viel Freiheit zu geben und ihn auch mal machen lassen. Wenn du aber sp\u00fcrst, dass es nicht weiter geht, so biete auf jeden Fall Hilfestellung an. Nach dem Motto \u201eSo viel wie n\u00f6tig, so wenig wie m\u00f6glich\u201c. Zielf\u00fchrend ist es, die Handlungen, die der Erkrankte nicht mehr alleine schafft, gemeinsam mit ihm durchzuf\u00fchren.<br><\/span><span data-css=\"tve-u-184a980a30c\"><strong>11. &nbsp; &nbsp;Rituale:<\/strong><\/span><span data-css=\"tve-u-1884d503460\" style=\"font-weight: normal;\"> Menschen mit Demenz reagieren sehr positiv auf einen gewohnten Tagesablauf. Das gibt Sicherheit und damit weniger Angst. Versuche also, bestimmte&nbsp;<\/span><span data-css=\"tve-u-184a980a30c\">Dinge<\/span><span data-css=\"tve-u-1884d503461\" style=\"font-weight: normal;\"> immer in der gleichen Art und Weise durchzuf\u00fchren.<\/span><\/b><\/p><p data-css=\"tve-u-184a9840998\"><b><span data-css=\"tve-u-1884d503463\" style=\"font-weight: normal;\"><strong><span data-css=\"tve-u-184a980a30c\"><strong>12. &nbsp; &nbsp;Geben:<\/strong><\/span><\/strong> Menschen mit Demenz neigen sehr h\u00e4ufig dazu, ihre Besorgnis oder Dankbarkeit zum Ausdruck bringen zu wollen. Sie haben das Gef\u00fchl, sich irgendwie revanchieren zu m\u00fcssen. Nimm diese Gesten ruhig an, das zeigt Respekt und Dankbarkeit deinerseits.<br><br>Du merkst, es gibt immer L\u00f6sungen. Mit den dargestellten Ans\u00e4tzen kann man sich gut vorbereiten.<\/span><\/b><\/p><p data-css=\"tve-u-184a9840998\"><b><span data-css=\"tve-u-1884d503465\" style=\"font-weight: normal;\">Altersdemenz schreitet allm\u00e4hlich voran. Es wen immer wieder neue Anpassungen in deinem Handeln n\u00f6tig sein.<\/span><\/b><\/p><p data-css=\"tve-u-184a9840998\"><b><span data-css=\"tve-u-1884d503468\" style=\"font-weight: normal;\"><br>Grundvoraussetzung sind Empathie, Lernbereitschaft und die Bereitschaft zur Selbstreflexion. Auch ein \u201edickes Fell\u201c solltest du dir zulegen, denn nicht immer wird alles wie gew\u00fcnscht funktionieren.<\/span><\/b><\/p><p data-css=\"tve-u-184a9840998\"><b><span data-css=\"tve-u-1884d503469\" style=\"font-weight: normal;\"><br>Doch es lohnt sich! Mit den aufgez\u00e4hlten Methoden wird es dir m\u00f6glich sein, eine stabile und friedliche Beziehung zum Erkrankten aufzubauen bzw. zu erhalten.<br><br><br><br><br><\/span><\/b><\/p><p data-css=\"tve-u-17892f4444c\"><b><span style=\"font-weight: normal;\" data-css=\"tve-u-184a97d0e07\"><br><\/span><br><\/b><\/p><\/div>","tve_custom_css":"@media (min-width: 300px){:not(#tve) [data-css=\"tve-u-17892f4444c\"] { padding-bottom: 0px !important; margin-bottom: 0px !important; }[data-css=\"tve-u-184a97d0e04\"] { font-weight: normal !important; }[data-css=\"tve-u-184a97d0e06\"] { font-size: 18px !important; }[data-css=\"tve-u-184a97d0e07\"] { font-weight: normal !important; }:not(#tve) [data-css=\"tve-u-184a97dde28\"] { padding-bottom: 10px !important; margin-bottom: 0px !important; line-height: 1.9em !important; }[data-css=\"tve-u-184a980a303\"] { font-size: 24px !important; }[data-css=\"tve-u-184a980a306\"] { font-size: 24px !important; }[data-css=\"tve-u-184a980a307\"] { font-weight: normal !important; }[data-css=\"tve-u-184a980a309\"] { font-size: 24px !important; }[data-css=\"tve-u-184a980a30b\"] { font-weight: normal !important; }[data-css=\"tve-u-184a980a30c\"] { font-weight: normal !important; }[data-css=\"tve-u-184a981cc02\"] { font-weight: normal !important; }[data-css=\"tve-u-184a981cc03\"] { font-weight: normal !important; }:not(#tve) [data-css=\"tve-u-184a9834757\"] { padding-bottom: 10px !important; margin-bottom: 0px !important; line-height: 1.9em !important; }:not(#tve) [data-css=\"tve-u-184a9840998\"] { padding-bottom: 10px !important; margin-bottom: 0px !important; line-height: 1.9em !important; }:not(#tve) [data-css=\"tve-u-184a987e205\"] { padding-bottom: 10px !important; margin-bottom: 0px !important; line-height: 2em !important; }.tcb-post-list[data-css=\"tve-u-1774d9d9521\"] .post-wrapper.thrv_wrapper { width: calc(100% - 0px); }.tcb-post-list[data-css=\"tve-u-1774d9d9521\"] .post-wrapper.thrv_wrapper:nth-child(n+2) { margin-top: 30px !important; }.tcb-post-list[data-css=\"tve-u-1774d9d9521\"] .post-wrapper.thrv_wrapper:not(:nth-child(n+2)) { margin-top: 0px !important; }.tcb-post-list[data-css=\"tve-u-1774d9d9521\"] .post-wrapper.thrv_wrapper:not(:nth-child(n)) { margin-right: 30px !important; }.tcb-post-list[data-css=\"tve-u-1774d9d9521\"] .post-wrapper.thrv_wrapper:nth-child(n) { margin-right: 0px !important; }:not(#tve) [data-css=\"tve-u-188242d8726\"] { padding-bottom: 0px !important; margin-bottom: 0px !important; line-height: 1.9em !important; }:not(#tve) [data-css=\"tve-u-188242d94fe\"] { padding-bottom: 0px !important; margin-bottom: 0px !important; line-height: 1.9em !important; }:not(#tve) [data-css=\"tve-u-188242db6e0\"] { padding-bottom: 0px !important; margin-bottom: 0px !important; line-height: 1.9em !important; }:not(#tve) [data-css=\"tve-u-188242ddce9\"] { padding-bottom: 0px !important; margin-bottom: 0px !important; line-height: 1.9em !important; }:not(#tve) [data-css=\"tve-u-188242df5ea\"] { padding-bottom: 0px !important; margin-bottom: 0px !important; line-height: 1.9em !important; }:not(#tve) [data-css=\"tve-u-188242e0deb\"] { padding-bottom: 0px !important; margin-bottom: 0px !important; line-height: 1.9em !important; }:not(#tve) [data-css=\"tve-u-1884d503407\"] { font-size: 18px !important; }[data-css=\"tve-u-1884d503408\"] { font-weight: normal !important; }[data-css=\"tve-u-1884d503420\"] { font-weight: normal !important; }[data-css=\"tve-u-1884d503421\"] { font-weight: normal !important; }[data-css=\"tve-u-1884d503423\"] { font-weight: normal !important; }[data-css=\"tve-u-1884d503424\"] { font-weight: normal !important; }[data-css=\"tve-u-1884d503425\"] { font-weight: normal !important; }[data-css=\"tve-u-1884d503427\"] { font-weight: normal !important; }[data-css=\"tve-u-1884d50342a\"] { font-weight: normal !important; }[data-css=\"tve-u-1884d50342b\"] { font-weight: normal !important; }[data-css=\"tve-u-1884d50342d\"] { font-weight: normal !important; }[data-css=\"tve-u-1884d50342e\"] { font-weight: normal !important; }[data-css=\"tve-u-1884d503431\"] { font-weight: normal !important; }[data-css=\"tve-u-1884d503434\"] { font-weight: normal !important; }[data-css=\"tve-u-1884d503435\"] { font-weight: normal !important; }[data-css=\"tve-u-1884d503436\"] { font-weight: normal !important; }[data-css=\"tve-u-1884d503438\"] { font-weight: normal !important; }[data-css=\"tve-u-1884d503439\"] { font-weight: normal !important; }[data-css=\"tve-u-1884d50343a\"] { font-weight: normal !important; }[data-css=\"tve-u-1884d50343c\"] { font-weight: normal !important; }[data-css=\"tve-u-1884d50343d\"] { font-weight: normal !important; }[data-css=\"tve-u-1884d503445\"] { font-weight: normal !important; }[data-css=\"tve-u-1884d503447\"] { text-decoration: underline !important; }[data-css=\"tve-u-1884d503449\"] { font-weight: normal !important; }[data-css=\"tve-u-1884d50344b\"] { text-decoration: underline !important; }[data-css=\"tve-u-1884d50344e\"] { font-weight: normal !important; }[data-css=\"tve-u-1884d50344f\"] { font-weight: normal !important; }[data-css=\"tve-u-1884d503452\"] { font-weight: normal !important; }[data-css=\"tve-u-1884d503454\"] { font-weight: normal !important; }[data-css=\"tve-u-1884d503456\"] { font-weight: normal !important; }[data-css=\"tve-u-1884d503457\"] { font-weight: normal !important; }[data-css=\"tve-u-1884d503459\"] { font-weight: normal !important; }[data-css=\"tve-u-1884d50345b\"] { font-weight: normal !important; }[data-css=\"tve-u-1884d50345c\"] { font-weight: normal !important; }[data-css=\"tve-u-1884d50345e\"] { font-weight: normal !important; }[data-css=\"tve-u-1884d503460\"] { font-weight: normal !important; }[data-css=\"tve-u-1884d503461\"] { font-weight: normal !important; }[data-css=\"tve-u-1884d503463\"] { font-weight: normal !important; }[data-css=\"tve-u-1884d503465\"] { font-weight: normal !important; }[data-css=\"tve-u-1884d503468\"] { font-weight: normal !important; }[data-css=\"tve-u-1884d503469\"] { font-weight: normal !important; }:not(#tve) [data-css=\"tve-u-195c80a052b\"] { padding-bottom: 0px !important; margin-bottom: 0px !important; line-height: 1.9em !important; }:not(#tve) [data-css=\"tve-u-195c80a6b13\"] { padding-bottom: 0px !important; margin-bottom: 0px !important; line-height: 1.9em !important; }:not(#tve) [data-css=\"tve-u-195c80b614f\"] { padding-bottom: 0px !important; margin-bottom: 0px !important; line-height: 1.9em !important; }:not(#tve) [data-css=\"tve-u-195c80b77ca\"] { padding-bottom: 0px !important; margin-bottom: 0px !important; line-height: 1.9em !important; }:not(#tve) [data-css=\"tve-u-195c80bb027\"] { padding-bottom: 0px !important; margin-bottom: 0px !important; line-height: 1.9em !important; }}","tve_user_custom_css":"","tve_globals":{"e":"1","font_cls":[]},"tcb2_ready":1,"tcb_editor_enabled":1,"tve_landing_page":"","_tve_header":"0","_tve_footer":"0"},"categories":[22,50,51],"tags":[107,48,47,72,85],"class_list":["post-1760","post","type-post","status-publish","format-standard","has-post-thumbnail","hentry","category-so-kannst-du-helfen","category-spass-und-beschaeftigung","category-zuhoeren-aktivieren","tag-altersdemenz","tag-alzheimer","tag-demenz","tag-pflege-angehoerige","tag-pflege-von-demenzkranken","post-wrapper","thrv_wrapper"],"yoast_head":"<!-- This site is optimized with the Yoast SEO plugin v27.5 - https:\/\/yoast.com\/product\/yoast-seo-wordpress\/ -->\n<title>Ob Alzheimer oder Alterdemenz - die Pflege ist erlernbar<\/title>\n<meta name=\"description\" content=\"Die Betreuung von Angeh\u00f6rigen mit Alzheimer oder Altersdemenz verlangt viel Hingabe. Mit den Ans\u00e4tzen nach Tom Kitwood geht vieles leichter!\" \/>\n<meta name=\"robots\" content=\"index, follow, max-snippet:-1, max-image-preview:large, max-video-preview:-1\" \/>\n<link rel=\"canonical\" href=\"https:\/\/demenz-und-du.de\/demenz-hilfe-fuer-angehoerige\/ob-alzheimer-oder-altersdemenz-auf-die-pflege-von-angehoerigen-kannst-du-dich-vorbereiten\/\" \/>\n<meta property=\"og:locale\" content=\"de_DE\" \/>\n<meta property=\"og:type\" content=\"article\" \/>\n<meta property=\"og:title\" content=\"Ob Alzheimer oder Alterdemenz - die Pflege ist erlernbar\" \/>\n<meta property=\"og:description\" content=\"Die Betreuung von Angeh\u00f6rigen mit Alzheimer oder Altersdemenz verlangt viel Hingabe. Mit den Ans\u00e4tzen nach Tom Kitwood geht vieles leichter!\" \/>\n<meta property=\"og:url\" content=\"https:\/\/demenz-und-du.de\/demenz-hilfe-fuer-angehoerige\/ob-alzheimer-oder-altersdemenz-auf-die-pflege-von-angehoerigen-kannst-du-dich-vorbereiten\/\" \/>\n<meta property=\"og:site_name\" content=\"Demenz Hilfe f\u00fcr Angeh\u00f6rige\" \/>\n<meta property=\"article:publisher\" content=\"https:\/\/www.facebook.com\/profile.php?id=100090981488333\" \/>\n<meta property=\"article:published_time\" content=\"2022-11-24T12:12:01+00:00\" \/>\n<meta property=\"article:modified_time\" content=\"2025-03-27T07:44:00+00:00\" \/>\n<meta property=\"og:image\" content=\"https:\/\/demenz-und-du.de\/wp-content\/uploads\/2021\/02\/Altes-Paar-Haende.jpg\" \/>\n\t<meta property=\"og:image:width\" content=\"640\" \/>\n\t<meta property=\"og:image:height\" content=\"426\" \/>\n\t<meta property=\"og:image:type\" content=\"image\/jpeg\" \/>\n<meta name=\"author\" content=\"Michael\" \/>\n<meta name=\"twitter:card\" content=\"summary_large_image\" \/>\n<meta name=\"twitter:label1\" content=\"Verfasst von\" \/>\n\t<meta name=\"twitter:data1\" content=\"Michael\" \/>\n\t<meta name=\"twitter:label2\" content=\"Gesch\u00e4tzte Lesezeit\" \/>\n\t<meta name=\"twitter:data2\" content=\"7\u00a0Minuten\" \/>\n<script type=\"application\/ld+json\" class=\"yoast-schema-graph\">{\"@context\":\"https:\\\/\\\/schema.org\",\"@graph\":[{\"@type\":\"Article\",\"@id\":\"https:\\\/\\\/demenz-und-du.de\\\/demenz-hilfe-fuer-angehoerige\\\/ob-alzheimer-oder-altersdemenz-auf-die-pflege-von-angehoerigen-kannst-du-dich-vorbereiten\\\/#article\",\"isPartOf\":{\"@id\":\"https:\\\/\\\/demenz-und-du.de\\\/demenz-hilfe-fuer-angehoerige\\\/ob-alzheimer-oder-altersdemenz-auf-die-pflege-von-angehoerigen-kannst-du-dich-vorbereiten\\\/\"},\"author\":{\"name\":\"Michael\",\"@id\":\"https:\\\/\\\/demenz-und-du.de\\\/demenz-hilfe-fuer-angehoerige\\\/#\\\/schema\\\/person\\\/3dc5b1e7c3a91a90031200e33ee10748\"},\"headline\":\"Altersdemenz-Pflege zu Hause &#8211; Geht das \u00fcberhaupt?\",\"datePublished\":\"2022-11-24T12:12:01+00:00\",\"dateModified\":\"2025-03-27T07:44:00+00:00\",\"mainEntityOfPage\":{\"@id\":\"https:\\\/\\\/demenz-und-du.de\\\/demenz-hilfe-fuer-angehoerige\\\/ob-alzheimer-oder-altersdemenz-auf-die-pflege-von-angehoerigen-kannst-du-dich-vorbereiten\\\/\"},\"wordCount\":1108,\"commentCount\":1,\"publisher\":{\"@id\":\"https:\\\/\\\/demenz-und-du.de\\\/demenz-hilfe-fuer-angehoerige\\\/#organization\"},\"image\":{\"@id\":\"https:\\\/\\\/demenz-und-du.de\\\/demenz-hilfe-fuer-angehoerige\\\/ob-alzheimer-oder-altersdemenz-auf-die-pflege-von-angehoerigen-kannst-du-dich-vorbereiten\\\/#primaryimage\"},\"thumbnailUrl\":\"https:\\\/\\\/demenz-und-du.de\\\/wp-content\\\/uploads\\\/2021\\\/02\\\/Altes-Paar-Haende.jpg\",\"keywords\":[\"Altersdemenz\",\"Alzheimer\",\"Demenz\",\"Pflege Angeh\u00f6rige\",\"Pflege von Demenzkranken\"],\"articleSection\":[\"So kannst Du helfen\",\"Spa\u00df und Besch\u00e4ftigung\",\"Zuh\u00f6ren &amp; aktivieren\"],\"inLanguage\":\"de\",\"potentialAction\":[{\"@type\":\"CommentAction\",\"name\":\"Comment\",\"target\":[\"https:\\\/\\\/demenz-und-du.de\\\/demenz-hilfe-fuer-angehoerige\\\/ob-alzheimer-oder-altersdemenz-auf-die-pflege-von-angehoerigen-kannst-du-dich-vorbereiten\\\/#respond\"]}]},{\"@type\":\"WebPage\",\"@id\":\"https:\\\/\\\/demenz-und-du.de\\\/demenz-hilfe-fuer-angehoerige\\\/ob-alzheimer-oder-altersdemenz-auf-die-pflege-von-angehoerigen-kannst-du-dich-vorbereiten\\\/\",\"url\":\"https:\\\/\\\/demenz-und-du.de\\\/demenz-hilfe-fuer-angehoerige\\\/ob-alzheimer-oder-altersdemenz-auf-die-pflege-von-angehoerigen-kannst-du-dich-vorbereiten\\\/\",\"name\":\"Ob Alzheimer oder Alterdemenz - die Pflege ist erlernbar\",\"isPartOf\":{\"@id\":\"https:\\\/\\\/demenz-und-du.de\\\/demenz-hilfe-fuer-angehoerige\\\/#website\"},\"primaryImageOfPage\":{\"@id\":\"https:\\\/\\\/demenz-und-du.de\\\/demenz-hilfe-fuer-angehoerige\\\/ob-alzheimer-oder-altersdemenz-auf-die-pflege-von-angehoerigen-kannst-du-dich-vorbereiten\\\/#primaryimage\"},\"image\":{\"@id\":\"https:\\\/\\\/demenz-und-du.de\\\/demenz-hilfe-fuer-angehoerige\\\/ob-alzheimer-oder-altersdemenz-auf-die-pflege-von-angehoerigen-kannst-du-dich-vorbereiten\\\/#primaryimage\"},\"thumbnailUrl\":\"https:\\\/\\\/demenz-und-du.de\\\/wp-content\\\/uploads\\\/2021\\\/02\\\/Altes-Paar-Haende.jpg\",\"datePublished\":\"2022-11-24T12:12:01+00:00\",\"dateModified\":\"2025-03-27T07:44:00+00:00\",\"description\":\"Die Betreuung von Angeh\u00f6rigen mit Alzheimer oder Altersdemenz verlangt viel Hingabe. Mit den Ans\u00e4tzen nach Tom Kitwood geht vieles leichter!\",\"breadcrumb\":{\"@id\":\"https:\\\/\\\/demenz-und-du.de\\\/demenz-hilfe-fuer-angehoerige\\\/ob-alzheimer-oder-altersdemenz-auf-die-pflege-von-angehoerigen-kannst-du-dich-vorbereiten\\\/#breadcrumb\"},\"inLanguage\":\"de\",\"potentialAction\":[{\"@type\":\"ReadAction\",\"target\":[\"https:\\\/\\\/demenz-und-du.de\\\/demenz-hilfe-fuer-angehoerige\\\/ob-alzheimer-oder-altersdemenz-auf-die-pflege-von-angehoerigen-kannst-du-dich-vorbereiten\\\/\"]}]},{\"@type\":\"ImageObject\",\"inLanguage\":\"de\",\"@id\":\"https:\\\/\\\/demenz-und-du.de\\\/demenz-hilfe-fuer-angehoerige\\\/ob-alzheimer-oder-altersdemenz-auf-die-pflege-von-angehoerigen-kannst-du-dich-vorbereiten\\\/#primaryimage\",\"url\":\"https:\\\/\\\/demenz-und-du.de\\\/wp-content\\\/uploads\\\/2021\\\/02\\\/Altes-Paar-Haende.jpg\",\"contentUrl\":\"https:\\\/\\\/demenz-und-du.de\\\/wp-content\\\/uploads\\\/2021\\\/02\\\/Altes-Paar-Haende.jpg\",\"width\":640,\"height\":426},{\"@type\":\"BreadcrumbList\",\"@id\":\"https:\\\/\\\/demenz-und-du.de\\\/demenz-hilfe-fuer-angehoerige\\\/ob-alzheimer-oder-altersdemenz-auf-die-pflege-von-angehoerigen-kannst-du-dich-vorbereiten\\\/#breadcrumb\",\"itemListElement\":[{\"@type\":\"ListItem\",\"position\":1,\"name\":\"Startseite\",\"item\":\"https:\\\/\\\/demenz-und-du.de\\\/demenz-hilfe-fuer-angehoerige\\\/\"},{\"@type\":\"ListItem\",\"position\":2,\"name\":\"Altersdemenz-Pflege zu Hause &#8211; Geht das \u00fcberhaupt?\"}]},{\"@type\":\"WebSite\",\"@id\":\"https:\\\/\\\/demenz-und-du.de\\\/demenz-hilfe-fuer-angehoerige\\\/#website\",\"url\":\"https:\\\/\\\/demenz-und-du.de\\\/demenz-hilfe-fuer-angehoerige\\\/\",\"name\":\"Demenz Hilfe f\u00fcr Angeh\u00f6rige\",\"description\":\"Wir helfen Angeh\u00f6rigen dabei mit ihren Demenzkranken klar zu kommen.\",\"publisher\":{\"@id\":\"https:\\\/\\\/demenz-und-du.de\\\/demenz-hilfe-fuer-angehoerige\\\/#organization\"},\"potentialAction\":[{\"@type\":\"SearchAction\",\"target\":{\"@type\":\"EntryPoint\",\"urlTemplate\":\"https:\\\/\\\/demenz-und-du.de\\\/demenz-hilfe-fuer-angehoerige\\\/?s={search_term_string}\"},\"query-input\":{\"@type\":\"PropertyValueSpecification\",\"valueRequired\":true,\"valueName\":\"search_term_string\"}}],\"inLanguage\":\"de\"},{\"@type\":\"Organization\",\"@id\":\"https:\\\/\\\/demenz-und-du.de\\\/demenz-hilfe-fuer-angehoerige\\\/#organization\",\"name\":\"Demenz Hilfe f\u00fcr Angeh\u00f6rige\",\"url\":\"https:\\\/\\\/demenz-und-du.de\\\/demenz-hilfe-fuer-angehoerige\\\/\",\"logo\":{\"@type\":\"ImageObject\",\"inLanguage\":\"de\",\"@id\":\"https:\\\/\\\/demenz-und-du.de\\\/demenz-hilfe-fuer-angehoerige\\\/#\\\/schema\\\/logo\\\/image\\\/\",\"url\":\"https:\\\/\\\/demenz-und-du.de\\\/wp-content\\\/uploads\\\/2022\\\/10\\\/400JpgdpiLogo-scaled.jpg\",\"contentUrl\":\"https:\\\/\\\/demenz-und-du.de\\\/wp-content\\\/uploads\\\/2022\\\/10\\\/400JpgdpiLogo-scaled.jpg\",\"width\":2560,\"height\":1546,\"caption\":\"Demenz Hilfe f\u00fcr Angeh\u00f6rige\"},\"image\":{\"@id\":\"https:\\\/\\\/demenz-und-du.de\\\/demenz-hilfe-fuer-angehoerige\\\/#\\\/schema\\\/logo\\\/image\\\/\"},\"sameAs\":[\"https:\\\/\\\/www.facebook.com\\\/profile.php?id=100090981488333\",\"https:\\\/\\\/www.youtube.com\\\/channel\\\/UCS7nClFtrPq-4eQFfAFzNyw\"]},{\"@type\":\"Person\",\"@id\":\"https:\\\/\\\/demenz-und-du.de\\\/demenz-hilfe-fuer-angehoerige\\\/#\\\/schema\\\/person\\\/3dc5b1e7c3a91a90031200e33ee10748\",\"name\":\"Michael\",\"image\":{\"@type\":\"ImageObject\",\"inLanguage\":\"de\",\"@id\":\"https:\\\/\\\/secure.gravatar.com\\\/avatar\\\/058709bcb247227ce63c07259fc8a580ab473c7d482a772372f0a8bd91e6ffb0?s=96&d=mm&r=g\",\"url\":\"https:\\\/\\\/secure.gravatar.com\\\/avatar\\\/058709bcb247227ce63c07259fc8a580ab473c7d482a772372f0a8bd91e6ffb0?s=96&d=mm&r=g\",\"contentUrl\":\"https:\\\/\\\/secure.gravatar.com\\\/avatar\\\/058709bcb247227ce63c07259fc8a580ab473c7d482a772372f0a8bd91e6ffb0?s=96&d=mm&r=g\",\"caption\":\"Michael\"},\"sameAs\":[\"https:\\\/\\\/demenz-und-du.de\"],\"url\":\"https:\\\/\\\/demenz-und-du.de\\\/demenz-hilfe-fuer-angehoerige\\\/author\\\/gh72w1evnoi849olaq\\\/\"}]}<\/script>\n<!-- \/ Yoast SEO plugin. -->","yoast_head_json":{"title":"Ob Alzheimer oder Alterdemenz - die Pflege ist erlernbar","description":"Die Betreuung von Angeh\u00f6rigen mit Alzheimer oder Altersdemenz verlangt viel Hingabe. Mit den Ans\u00e4tzen nach Tom Kitwood geht vieles leichter!","robots":{"index":"index","follow":"follow","max-snippet":"max-snippet:-1","max-image-preview":"max-image-preview:large","max-video-preview":"max-video-preview:-1"},"canonical":"https:\/\/demenz-und-du.de\/demenz-hilfe-fuer-angehoerige\/ob-alzheimer-oder-altersdemenz-auf-die-pflege-von-angehoerigen-kannst-du-dich-vorbereiten\/","og_locale":"de_DE","og_type":"article","og_title":"Ob Alzheimer oder Alterdemenz - die Pflege ist erlernbar","og_description":"Die Betreuung von Angeh\u00f6rigen mit Alzheimer oder Altersdemenz verlangt viel Hingabe. Mit den Ans\u00e4tzen nach Tom Kitwood geht vieles leichter!","og_url":"https:\/\/demenz-und-du.de\/demenz-hilfe-fuer-angehoerige\/ob-alzheimer-oder-altersdemenz-auf-die-pflege-von-angehoerigen-kannst-du-dich-vorbereiten\/","og_site_name":"Demenz Hilfe f\u00fcr Angeh\u00f6rige","article_publisher":"https:\/\/www.facebook.com\/profile.php?id=100090981488333","article_published_time":"2022-11-24T12:12:01+00:00","article_modified_time":"2025-03-27T07:44:00+00:00","og_image":[{"width":640,"height":426,"url":"https:\/\/demenz-und-du.de\/wp-content\/uploads\/2021\/02\/Altes-Paar-Haende.jpg","type":"image\/jpeg"}],"author":"Michael","twitter_card":"summary_large_image","twitter_misc":{"Verfasst von":"Michael","Gesch\u00e4tzte Lesezeit":"7\u00a0Minuten"},"schema":{"@context":"https:\/\/schema.org","@graph":[{"@type":"Article","@id":"https:\/\/demenz-und-du.de\/demenz-hilfe-fuer-angehoerige\/ob-alzheimer-oder-altersdemenz-auf-die-pflege-von-angehoerigen-kannst-du-dich-vorbereiten\/#article","isPartOf":{"@id":"https:\/\/demenz-und-du.de\/demenz-hilfe-fuer-angehoerige\/ob-alzheimer-oder-altersdemenz-auf-die-pflege-von-angehoerigen-kannst-du-dich-vorbereiten\/"},"author":{"name":"Michael","@id":"https:\/\/demenz-und-du.de\/demenz-hilfe-fuer-angehoerige\/#\/schema\/person\/3dc5b1e7c3a91a90031200e33ee10748"},"headline":"Altersdemenz-Pflege zu Hause &#8211; Geht das \u00fcberhaupt?","datePublished":"2022-11-24T12:12:01+00:00","dateModified":"2025-03-27T07:44:00+00:00","mainEntityOfPage":{"@id":"https:\/\/demenz-und-du.de\/demenz-hilfe-fuer-angehoerige\/ob-alzheimer-oder-altersdemenz-auf-die-pflege-von-angehoerigen-kannst-du-dich-vorbereiten\/"},"wordCount":1108,"commentCount":1,"publisher":{"@id":"https:\/\/demenz-und-du.de\/demenz-hilfe-fuer-angehoerige\/#organization"},"image":{"@id":"https:\/\/demenz-und-du.de\/demenz-hilfe-fuer-angehoerige\/ob-alzheimer-oder-altersdemenz-auf-die-pflege-von-angehoerigen-kannst-du-dich-vorbereiten\/#primaryimage"},"thumbnailUrl":"https:\/\/demenz-und-du.de\/wp-content\/uploads\/2021\/02\/Altes-Paar-Haende.jpg","keywords":["Altersdemenz","Alzheimer","Demenz","Pflege Angeh\u00f6rige","Pflege von Demenzkranken"],"articleSection":["So kannst Du helfen","Spa\u00df und Besch\u00e4ftigung","Zuh\u00f6ren &amp; aktivieren"],"inLanguage":"de","potentialAction":[{"@type":"CommentAction","name":"Comment","target":["https:\/\/demenz-und-du.de\/demenz-hilfe-fuer-angehoerige\/ob-alzheimer-oder-altersdemenz-auf-die-pflege-von-angehoerigen-kannst-du-dich-vorbereiten\/#respond"]}]},{"@type":"WebPage","@id":"https:\/\/demenz-und-du.de\/demenz-hilfe-fuer-angehoerige\/ob-alzheimer-oder-altersdemenz-auf-die-pflege-von-angehoerigen-kannst-du-dich-vorbereiten\/","url":"https:\/\/demenz-und-du.de\/demenz-hilfe-fuer-angehoerige\/ob-alzheimer-oder-altersdemenz-auf-die-pflege-von-angehoerigen-kannst-du-dich-vorbereiten\/","name":"Ob Alzheimer oder Alterdemenz - die Pflege ist erlernbar","isPartOf":{"@id":"https:\/\/demenz-und-du.de\/demenz-hilfe-fuer-angehoerige\/#website"},"primaryImageOfPage":{"@id":"https:\/\/demenz-und-du.de\/demenz-hilfe-fuer-angehoerige\/ob-alzheimer-oder-altersdemenz-auf-die-pflege-von-angehoerigen-kannst-du-dich-vorbereiten\/#primaryimage"},"image":{"@id":"https:\/\/demenz-und-du.de\/demenz-hilfe-fuer-angehoerige\/ob-alzheimer-oder-altersdemenz-auf-die-pflege-von-angehoerigen-kannst-du-dich-vorbereiten\/#primaryimage"},"thumbnailUrl":"https:\/\/demenz-und-du.de\/wp-content\/uploads\/2021\/02\/Altes-Paar-Haende.jpg","datePublished":"2022-11-24T12:12:01+00:00","dateModified":"2025-03-27T07:44:00+00:00","description":"Die Betreuung von Angeh\u00f6rigen mit Alzheimer oder Altersdemenz verlangt viel Hingabe. Mit den Ans\u00e4tzen nach Tom Kitwood geht vieles leichter!","breadcrumb":{"@id":"https:\/\/demenz-und-du.de\/demenz-hilfe-fuer-angehoerige\/ob-alzheimer-oder-altersdemenz-auf-die-pflege-von-angehoerigen-kannst-du-dich-vorbereiten\/#breadcrumb"},"inLanguage":"de","potentialAction":[{"@type":"ReadAction","target":["https:\/\/demenz-und-du.de\/demenz-hilfe-fuer-angehoerige\/ob-alzheimer-oder-altersdemenz-auf-die-pflege-von-angehoerigen-kannst-du-dich-vorbereiten\/"]}]},{"@type":"ImageObject","inLanguage":"de","@id":"https:\/\/demenz-und-du.de\/demenz-hilfe-fuer-angehoerige\/ob-alzheimer-oder-altersdemenz-auf-die-pflege-von-angehoerigen-kannst-du-dich-vorbereiten\/#primaryimage","url":"https:\/\/demenz-und-du.de\/wp-content\/uploads\/2021\/02\/Altes-Paar-Haende.jpg","contentUrl":"https:\/\/demenz-und-du.de\/wp-content\/uploads\/2021\/02\/Altes-Paar-Haende.jpg","width":640,"height":426},{"@type":"BreadcrumbList","@id":"https:\/\/demenz-und-du.de\/demenz-hilfe-fuer-angehoerige\/ob-alzheimer-oder-altersdemenz-auf-die-pflege-von-angehoerigen-kannst-du-dich-vorbereiten\/#breadcrumb","itemListElement":[{"@type":"ListItem","position":1,"name":"Startseite","item":"https:\/\/demenz-und-du.de\/demenz-hilfe-fuer-angehoerige\/"},{"@type":"ListItem","position":2,"name":"Altersdemenz-Pflege zu Hause &#8211; Geht das \u00fcberhaupt?"}]},{"@type":"WebSite","@id":"https:\/\/demenz-und-du.de\/demenz-hilfe-fuer-angehoerige\/#website","url":"https:\/\/demenz-und-du.de\/demenz-hilfe-fuer-angehoerige\/","name":"Demenz Hilfe f\u00fcr Angeh\u00f6rige","description":"Wir helfen Angeh\u00f6rigen dabei mit ihren Demenzkranken klar zu kommen.","publisher":{"@id":"https:\/\/demenz-und-du.de\/demenz-hilfe-fuer-angehoerige\/#organization"},"potentialAction":[{"@type":"SearchAction","target":{"@type":"EntryPoint","urlTemplate":"https:\/\/demenz-und-du.de\/demenz-hilfe-fuer-angehoerige\/?s={search_term_string}"},"query-input":{"@type":"PropertyValueSpecification","valueRequired":true,"valueName":"search_term_string"}}],"inLanguage":"de"},{"@type":"Organization","@id":"https:\/\/demenz-und-du.de\/demenz-hilfe-fuer-angehoerige\/#organization","name":"Demenz Hilfe f\u00fcr Angeh\u00f6rige","url":"https:\/\/demenz-und-du.de\/demenz-hilfe-fuer-angehoerige\/","logo":{"@type":"ImageObject","inLanguage":"de","@id":"https:\/\/demenz-und-du.de\/demenz-hilfe-fuer-angehoerige\/#\/schema\/logo\/image\/","url":"https:\/\/demenz-und-du.de\/wp-content\/uploads\/2022\/10\/400JpgdpiLogo-scaled.jpg","contentUrl":"https:\/\/demenz-und-du.de\/wp-content\/uploads\/2022\/10\/400JpgdpiLogo-scaled.jpg","width":2560,"height":1546,"caption":"Demenz Hilfe f\u00fcr Angeh\u00f6rige"},"image":{"@id":"https:\/\/demenz-und-du.de\/demenz-hilfe-fuer-angehoerige\/#\/schema\/logo\/image\/"},"sameAs":["https:\/\/www.facebook.com\/profile.php?id=100090981488333","https:\/\/www.youtube.com\/channel\/UCS7nClFtrPq-4eQFfAFzNyw"]},{"@type":"Person","@id":"https:\/\/demenz-und-du.de\/demenz-hilfe-fuer-angehoerige\/#\/schema\/person\/3dc5b1e7c3a91a90031200e33ee10748","name":"Michael","image":{"@type":"ImageObject","inLanguage":"de","@id":"https:\/\/secure.gravatar.com\/avatar\/058709bcb247227ce63c07259fc8a580ab473c7d482a772372f0a8bd91e6ffb0?s=96&d=mm&r=g","url":"https:\/\/secure.gravatar.com\/avatar\/058709bcb247227ce63c07259fc8a580ab473c7d482a772372f0a8bd91e6ffb0?s=96&d=mm&r=g","contentUrl":"https:\/\/secure.gravatar.com\/avatar\/058709bcb247227ce63c07259fc8a580ab473c7d482a772372f0a8bd91e6ffb0?s=96&d=mm&r=g","caption":"Michael"},"sameAs":["https:\/\/demenz-und-du.de"],"url":"https:\/\/demenz-und-du.de\/demenz-hilfe-fuer-angehoerige\/author\/gh72w1evnoi849olaq\/"}]}},"_links":{"self":[{"href":"https:\/\/demenz-und-du.de\/demenz-hilfe-fuer-angehoerige\/wp-json\/wp\/v2\/posts\/1760","targetHints":{"allow":["GET"]}}],"collection":[{"href":"https:\/\/demenz-und-du.de\/demenz-hilfe-fuer-angehoerige\/wp-json\/wp\/v2\/posts"}],"about":[{"href":"https:\/\/demenz-und-du.de\/demenz-hilfe-fuer-angehoerige\/wp-json\/wp\/v2\/types\/post"}],"author":[{"embeddable":true,"href":"https:\/\/demenz-und-du.de\/demenz-hilfe-fuer-angehoerige\/wp-json\/wp\/v2\/users\/2"}],"replies":[{"embeddable":true,"href":"https:\/\/demenz-und-du.de\/demenz-hilfe-fuer-angehoerige\/wp-json\/wp\/v2\/comments?post=1760"}],"version-history":[{"count":10,"href":"https:\/\/demenz-und-du.de\/demenz-hilfe-fuer-angehoerige\/wp-json\/wp\/v2\/posts\/1760\/revisions"}],"predecessor-version":[{"id":3147,"href":"https:\/\/demenz-und-du.de\/demenz-hilfe-fuer-angehoerige\/wp-json\/wp\/v2\/posts\/1760\/revisions\/3147"}],"wp:featuredmedia":[{"embeddable":true,"href":"https:\/\/demenz-und-du.de\/demenz-hilfe-fuer-angehoerige\/wp-json\/wp\/v2\/media\/486"}],"wp:attachment":[{"href":"https:\/\/demenz-und-du.de\/demenz-hilfe-fuer-angehoerige\/wp-json\/wp\/v2\/media?parent=1760"}],"wp:term":[{"taxonomy":"category","embeddable":true,"href":"https:\/\/demenz-und-du.de\/demenz-hilfe-fuer-angehoerige\/wp-json\/wp\/v2\/categories?post=1760"},{"taxonomy":"post_tag","embeddable":true,"href":"https:\/\/demenz-und-du.de\/demenz-hilfe-fuer-angehoerige\/wp-json\/wp\/v2\/tags?post=1760"}],"curies":[{"name":"wp","href":"https:\/\/api.w.org\/{rel}","templated":true}]}}