{"id":175,"date":"2021-04-01T08:27:00","date_gmt":"2021-04-01T06:27:00","guid":{"rendered":"https:\/\/demenz-und-du.de\/?p=175"},"modified":"2022-04-03T11:37:19","modified_gmt":"2022-04-03T09:37:19","slug":"unterstuetzung-und-hilfsmittel-bei-demenz","status":"publish","type":"post","link":"https:\/\/demenz-und-du.de\/demenz-hilfe-fuer-angehoerige\/unterstuetzung-und-hilfsmittel-bei-demenz\/","title":{"rendered":"Pflege zu Hause &#8211; Mit welcher Unterst\u00fctzung kannst du rechnen?"},"content":{"rendered":"<h4 style=\"\">Pflege kostet Kraft und Geld&#8230;Aber du bist nicht allein!<\/h4>\n<p style=\"\">Der Prozess der Erkrankung schreitet unaufh\u00f6rlich voran. Erst ganz langsam, dann immer schneller und herausfordernder.<\/p>\n<p style=\"\">Zuerst bist du als pflegender Angeh\u00f6riger noch ganz sicher, dass du alle anstehenden Aufgaben bew\u00e4ltigen kann. Nach und nach d\u00e4mmert es dann doch den meisten, dass die anfallenden Aufgaben mit dem \u201enormalen\u201c Leben gar nicht mehr unter einen Hut zu kriegen sind. Nun ist es h\u00f6chste Zeit, externe Hilfe anzufragen!<\/p>\n<p style=\"\">\n<h5 style=\"\">Alles regeln, ehe es zu sp\u00e4t ist!<\/h5>\n<p style=\"\">Zuallererst solltest du dich um alles k\u00fcmmern, was der Erkrankte noch selbst regeln sollte solange er es noch kann. So sollte man Dinge wie Patientenverf\u00fcgung, Vollmachten jedweder Art und auch Gespr\u00e4che zu pers\u00f6nlichen W\u00fcnschen sp\u00e4testens jetzt ansto\u00dfen.<\/p>\n<p style=\"\">Kommt es n\u00e4mlich zu Fragen, die eine pers\u00f6nliche Entscheidung des Erkrankten brauchen, steht man oft fragend da \u2013 und muss, wenn es ganz schlecht l\u00e4uft, einem vom Amtsgericht bestellten externen Betreuer Entscheidungen \u00fcberlassen.<\/p>\n<p style=\"\">\n<h5 style=\"\">Der Pflegegrad bestimmt die Leistungen der Pflegeversicherung<\/h5>\n<p style=\"\">\n<p style=\"\">Als n\u00e4chstes steht der &nbsp;Pflegegrad des Erkrankten auf der Agenda, denn dieser ist ausschlaggebend, mit wieviel Unterst\u00fctzung du aus der Pflegeversicherung rechnen kannst.<\/p>\n<p style=\"\">Entscheidend f\u00fcr die Einstufung in einen Pflegegrad ist der Grad der Selbstst\u00e4ndigkeit. Dabei soll der ganze Mensch betrachtet und auch geistige Einschr\u00e4nkungen ber\u00fccksichtigt werden.<\/p>\n<p style=\"\">Grunds\u00e4tzlich gibt es f\u00fcnf Pflegegrade. Um den jeweiligen Pflegegrad festzustellen, werden von einem Gutachter anhand eines Fragenkatalogs sechs Lebensbereiche anhand von 64 Kriterien abgefragt und bewertet.Die Berechnung der Pflegebed\u00fcrftigkeit erfolgt dann anschlie\u00dfend mit Hilfe der Anzahl von Bewertungspunkten.<\/p>\n<p style=\"\">Daraus ergibt sich dann ein Anspruch auf Zahlungen durch die Pflegekasse.Die Pfleges\u00e4tze werden regelm\u00e4\u00dfig angepasst. Eine ausf\u00fchrliche \u00dcbersicht der derzeitig g\u00fcltigen S\u00e4tze sowie einen individuellen Rechner erh\u00e4ltst du <a href=\"https:\/\/www.pflege.de\/pflegekasse-pflegerecht\/pflegegrade\/\" target=\"_blank\" rel=\"noopener\">HIER<\/a>.<\/p>\n<p style=\"\">\n<h5 style=\"\">Auch die Pflege zu Hause wird unterst\u00fctzt!<\/h5>\n<p style=\"\">Auch wenn die Betreuung des Demenzkranken zuhause erfolgt, springt die Pflegeversicherung ein. F\u00fcr die absolut meisten Menschen ist genau das der gr\u00f6\u00dfte Wunsch: Zu Hause alt werden, dort den Lebensabend verbringen, in gewohnter Umgebung bleiben.<\/p>\n<p style=\"\">Entscheiden sich Pflegebed\u00fcrftige f\u00fcr die Pflege zu Hause, k\u00f6nnen sie zwischen Pflegegeld, Pflegesachleistungen oder einer Kombination aus Pflege- und Geldleistung w\u00e4hlen.<\/p>\n<p style=\"\">Das Pflegegeld erh\u00e4lt der Betroffene, wenn er in erster Linie keine Unterst\u00fctzung eines Pflegedienstes oder Pflegeheims annimmt, sondern zu Hause von einem nicht-professionellen Pflegenden umsorgt wird.<\/p>\n<p style=\"\">Ausgezahlt wird das Pflegegeld grunds\u00e4tzlich durch eine gesetzliche Pflegeversicherung, welche an eine gesetzliche Krankenkasse gekoppelt ist. Der Betroffene erh\u00e4lt das monatliche Pflegegeld pers\u00f6nlich und kann frei dar\u00fcber verf\u00fcgen. Vor allem dient das Pflegegeld als finanzielle Unterst\u00fctzung f\u00fcr die pflegende Person. Diese ist entweder ein Angeh\u00f6riger oder ein ehrenamtlicher Pfleger.<\/p>\n<p style=\"\">\n<h5 style=\"\">Auch ein &#8222;Mix&#8220; ist m\u00f6glich!<\/h5>\n<p style=\"\">Die Pflegeversicherung zahlt aber auch dann, wenn du dich entscheidest, f\u00fcr bestimmte T\u00e4tigkeiten externe Helfer zu beauftragen. Das ist z.B. der Fall, wenn sich ein h\u00e4uslicher Pflegedienst f\u00fcr einige Stunden pro Woche um die pflegerische Betreuung oder um Haushaltsaufgaben k\u00fcmmert.<\/p>\n<p style=\"\">Meistens ist dies ein flie\u00dfender Prozess und wird mit zunehmender Demenz immer intensiver.<\/p>\n<p style=\"\">Grunds\u00e4tzlich steht die Versicherung sogar auch f\u00fcr Pflegehilfsmittel oder gar notwendigen baulichen Ma\u00dfnahmen ein.<\/p>\n<p style=\"\">\n<h5 style=\"\">Lasse dich beraten!<\/h5>\n<p style=\"\">All dies muss nat\u00fcrlich immer wieder von neuem beantragt werden.Gut zu wissen: Dir steht ein kostenloses Beratungsgespr\u00e4ch zuhause zu. Je nach Pflegegrad, kannst du diesen Service halb- oder gar viertelj\u00e4hrlich in Anspruch nehmen.<\/p>\n<p style=\"\">Viele Informationen zur finanziellen Unterst\u00fctzung findest du in der Brosch\u00fcre &nbsp;<a href=\"https:\/\/www.bundesgesundheitsministerium.de\/fileadmin\/Dateien\/5_Publikationen\/Pflege\/Broschueren\/200310_BMG_RG_Pflege_barr.pdf\" target=\"_blank\" rel=\"noopener\">&#8222;Ratgeber Pflege&#8220;<\/a> des Bundesministerium f\u00fcr Gesundheit, die du dir hier bestellen oder runterladen kannst.<\/p>\n<p style=\"\">Es gibt sogar regionale Pflegekurse zum Thema Demenz. Wer einen Pflegebed\u00fcrftigen versorgt, kann an diesen teilnehmen. Dort erh\u00e4ltst du viele Informationen \u00fcber das Krankheitsbild Demenz, lernst den Umgang mit dem Erkrankten und erf\u00e4hrst viel bzgl. der rechtlichen Aspekte dieses Themas.<\/p>\n<p style=\"\">Schwerpunkt ist immer auch die Entlastung der pflegenden Angeh\u00f6rigen, und wie sich Entlastungsm\u00f6glichkeiten im individuellen Fall umsetzen lassen.<\/p>\n<p style=\"\">Solche Kurse bietet z.B. die <a href=\"https:\/\/www.deutsche-alzheimer.de\/angehoerige\/seminarreihe-fuer-angehoerige.html\" target=\"_blank\" style=\"outline: currentcolor none medium;\" rel=\"noopener\">Deutsche Alzheimer Gesellschaft<\/a> an. Hier findest du viele Informationen zu diesem Thema.<\/p>\n<p style=\"\">Abschlie\u00dfend sei noch erw\u00e4hnt, dass, sollte es ganz hart kommen, auch f\u00fcr die soziale Absicherung des pflegenden Angeh\u00f6rigen gesorgt wird. Sollte also die Betreuung des Erkrankten zu einem Fulltime Job wachsen, kann ab Pflegegrad 2 die \u00dcbernahme der Beitr\u00e4ge in die Renten-, Arbeitslosen- und Unfallversicherung beantragt werden. Dies ist nat\u00fcrlich ist abh\u00e4ngig vom Umfang der erbrachten Pflege.<\/p>\n<p style=\"\">Schon an dieser kurzen Zusammenfassung der M\u00f6glichkeiten erkennst du, dass du nicht allein gelassen wirst. Die Unterst\u00fctzung ist vielf\u00e4ltig und beschr\u00e4nkt sich nicht nur auf finanzielle Leistungen.<\/p>\n<p style=\"\">\n<p style=\"\">\u200bDas allerwichtigste ist aber: Fange an, dir Unterst\u00fctzung zu suchen! Je fr\u00fcher desto besser!\u200b<strong><\/strong><\/p>\n","protected":false},"excerpt":{"rendered":"<p>Pflege kostet Kraft und Geld&#8230;Aber du bist nicht allein! Der Prozess der Erkrankung schreitet unaufh\u00f6rlich voran. Erst ganz langsam, dann immer schneller und herausfordernder. Zuerst bist du als pflegender Angeh\u00f6riger noch ganz sicher, dass du alle anstehenden Aufgaben bew\u00e4ltigen kann. Nach und nach d\u00e4mmert es dann doch den meisten, dass die anfallenden Aufgaben mit dem [&hellip;]<\/p>\n","protected":false},"author":2,"featured_media":510,"comment_status":"open","ping_status":"closed","sticky":false,"template":"","format":"standard","meta":{"_monsterinsights_skip_tracking":false,"_monsterinsights_sitenote_active":false,"_monsterinsights_sitenote_note":"","_monsterinsights_sitenote_category":0,"footnotes":""},"categories":[22,20,52],"tags":[],"class_list":["post-175","post","type-post","status-publish","format-standard","has-post-thumbnail","hentry","category-so-kannst-du-helfen","category-untermenue","category-unterstuetzung-hilfsmittel","post-wrapper","thrv_wrapper"],"yoast_head":"<!-- This site is optimized with the Yoast SEO plugin v27.5 - https:\/\/yoast.com\/product\/yoast-seo-wordpress\/ -->\n<title>Pflege zu Hause &#8211; Mit welcher Unterst\u00fctzung kannst du rechnen? - Demenz Hilfe f\u00fcr Angeh\u00f6rige<\/title>\n<meta name=\"description\" content=\"Hier bekommst du wertvolle Tipps zur staatlicher Unterst\u00fctzung als pflegender Angeh\u00f6riger von demenziell erkrankten Verwandten.\" \/>\n<meta name=\"robots\" content=\"index, follow, max-snippet:-1, max-image-preview:large, max-video-preview:-1\" \/>\n<link rel=\"canonical\" href=\"https:\/\/demenz-und-du.de\/demenz-hilfe-fuer-angehoerige\/unterstuetzung-und-hilfsmittel-bei-demenz\/\" \/>\n<meta property=\"og:locale\" content=\"de_DE\" \/>\n<meta property=\"og:type\" content=\"article\" \/>\n<meta property=\"og:title\" content=\"Pflege zu Hause &#8211; Mit welcher Unterst\u00fctzung kannst du rechnen? - Demenz Hilfe f\u00fcr Angeh\u00f6rige\" \/>\n<meta property=\"og:description\" content=\"Hier bekommst du wertvolle Tipps zur staatlicher Unterst\u00fctzung als pflegender Angeh\u00f6riger von demenziell erkrankten Verwandten.\" \/>\n<meta property=\"og:url\" content=\"https:\/\/demenz-und-du.de\/demenz-hilfe-fuer-angehoerige\/unterstuetzung-und-hilfsmittel-bei-demenz\/\" \/>\n<meta property=\"og:site_name\" content=\"Demenz Hilfe f\u00fcr Angeh\u00f6rige\" \/>\n<meta property=\"article:publisher\" content=\"https:\/\/www.facebook.com\/profile.php?id=100090981488333\" \/>\n<meta property=\"article:published_time\" content=\"2021-04-01T06:27:00+00:00\" \/>\n<meta property=\"article:modified_time\" content=\"2022-04-03T09:37:19+00:00\" \/>\n<meta property=\"og:image\" content=\"https:\/\/demenz-und-du.de\/wp-content\/uploads\/2021\/02\/seniors-4379905_1920.jpg\" \/>\n\t<meta property=\"og:image:width\" content=\"1920\" \/>\n\t<meta property=\"og:image:height\" content=\"1280\" \/>\n\t<meta property=\"og:image:type\" content=\"image\/jpeg\" \/>\n<meta name=\"author\" content=\"Michael\" \/>\n<meta name=\"twitter:card\" content=\"summary_large_image\" \/>\n<meta name=\"twitter:label1\" content=\"Verfasst von\" \/>\n\t<meta name=\"twitter:data1\" content=\"Michael\" \/>\n\t<meta name=\"twitter:label2\" content=\"Gesch\u00e4tzte Lesezeit\" \/>\n\t<meta name=\"twitter:data2\" content=\"4\u00a0Minuten\" \/>\n<script type=\"application\/ld+json\" class=\"yoast-schema-graph\">{\"@context\":\"https:\\\/\\\/schema.org\",\"@graph\":[{\"@type\":\"Article\",\"@id\":\"https:\\\/\\\/demenz-und-du.de\\\/demenz-hilfe-fuer-angehoerige\\\/unterstuetzung-und-hilfsmittel-bei-demenz\\\/#article\",\"isPartOf\":{\"@id\":\"https:\\\/\\\/demenz-und-du.de\\\/demenz-hilfe-fuer-angehoerige\\\/unterstuetzung-und-hilfsmittel-bei-demenz\\\/\"},\"author\":{\"name\":\"Michael\",\"@id\":\"https:\\\/\\\/demenz-und-du.de\\\/demenz-hilfe-fuer-angehoerige\\\/#\\\/schema\\\/person\\\/3dc5b1e7c3a91a90031200e33ee10748\"},\"headline\":\"Pflege zu Hause &#8211; Mit welcher Unterst\u00fctzung kannst du rechnen?\",\"datePublished\":\"2021-04-01T06:27:00+00:00\",\"dateModified\":\"2022-04-03T09:37:19+00:00\",\"mainEntityOfPage\":{\"@id\":\"https:\\\/\\\/demenz-und-du.de\\\/demenz-hilfe-fuer-angehoerige\\\/unterstuetzung-und-hilfsmittel-bei-demenz\\\/\"},\"wordCount\":813,\"commentCount\":1,\"publisher\":{\"@id\":\"https:\\\/\\\/demenz-und-du.de\\\/demenz-hilfe-fuer-angehoerige\\\/#organization\"},\"image\":{\"@id\":\"https:\\\/\\\/demenz-und-du.de\\\/demenz-hilfe-fuer-angehoerige\\\/unterstuetzung-und-hilfsmittel-bei-demenz\\\/#primaryimage\"},\"thumbnailUrl\":\"https:\\\/\\\/demenz-und-du.de\\\/wp-content\\\/uploads\\\/2021\\\/02\\\/seniors-4379905_1920.jpg\",\"articleSection\":[\"So kannst Du helfen\",\"Untermen\u00fc\",\"Unterst\u00fctzung &amp; Hilfsmittel\"],\"inLanguage\":\"de\",\"potentialAction\":[{\"@type\":\"CommentAction\",\"name\":\"Comment\",\"target\":[\"https:\\\/\\\/demenz-und-du.de\\\/demenz-hilfe-fuer-angehoerige\\\/unterstuetzung-und-hilfsmittel-bei-demenz\\\/#respond\"]}]},{\"@type\":\"WebPage\",\"@id\":\"https:\\\/\\\/demenz-und-du.de\\\/demenz-hilfe-fuer-angehoerige\\\/unterstuetzung-und-hilfsmittel-bei-demenz\\\/\",\"url\":\"https:\\\/\\\/demenz-und-du.de\\\/demenz-hilfe-fuer-angehoerige\\\/unterstuetzung-und-hilfsmittel-bei-demenz\\\/\",\"name\":\"Pflege zu Hause &#8211; Mit welcher Unterst\u00fctzung kannst du rechnen? - Demenz Hilfe f\u00fcr Angeh\u00f6rige\",\"isPartOf\":{\"@id\":\"https:\\\/\\\/demenz-und-du.de\\\/demenz-hilfe-fuer-angehoerige\\\/#website\"},\"primaryImageOfPage\":{\"@id\":\"https:\\\/\\\/demenz-und-du.de\\\/demenz-hilfe-fuer-angehoerige\\\/unterstuetzung-und-hilfsmittel-bei-demenz\\\/#primaryimage\"},\"image\":{\"@id\":\"https:\\\/\\\/demenz-und-du.de\\\/demenz-hilfe-fuer-angehoerige\\\/unterstuetzung-und-hilfsmittel-bei-demenz\\\/#primaryimage\"},\"thumbnailUrl\":\"https:\\\/\\\/demenz-und-du.de\\\/wp-content\\\/uploads\\\/2021\\\/02\\\/seniors-4379905_1920.jpg\",\"datePublished\":\"2021-04-01T06:27:00+00:00\",\"dateModified\":\"2022-04-03T09:37:19+00:00\",\"description\":\"Hier bekommst du wertvolle Tipps zur staatlicher Unterst\u00fctzung als pflegender Angeh\u00f6riger von demenziell erkrankten Verwandten.\",\"breadcrumb\":{\"@id\":\"https:\\\/\\\/demenz-und-du.de\\\/demenz-hilfe-fuer-angehoerige\\\/unterstuetzung-und-hilfsmittel-bei-demenz\\\/#breadcrumb\"},\"inLanguage\":\"de\",\"potentialAction\":[{\"@type\":\"ReadAction\",\"target\":[\"https:\\\/\\\/demenz-und-du.de\\\/demenz-hilfe-fuer-angehoerige\\\/unterstuetzung-und-hilfsmittel-bei-demenz\\\/\"]}]},{\"@type\":\"ImageObject\",\"inLanguage\":\"de\",\"@id\":\"https:\\\/\\\/demenz-und-du.de\\\/demenz-hilfe-fuer-angehoerige\\\/unterstuetzung-und-hilfsmittel-bei-demenz\\\/#primaryimage\",\"url\":\"https:\\\/\\\/demenz-und-du.de\\\/wp-content\\\/uploads\\\/2021\\\/02\\\/seniors-4379905_1920.jpg\",\"contentUrl\":\"https:\\\/\\\/demenz-und-du.de\\\/wp-content\\\/uploads\\\/2021\\\/02\\\/seniors-4379905_1920.jpg\",\"width\":1920,\"height\":1280},{\"@type\":\"BreadcrumbList\",\"@id\":\"https:\\\/\\\/demenz-und-du.de\\\/demenz-hilfe-fuer-angehoerige\\\/unterstuetzung-und-hilfsmittel-bei-demenz\\\/#breadcrumb\",\"itemListElement\":[{\"@type\":\"ListItem\",\"position\":1,\"name\":\"Startseite\",\"item\":\"https:\\\/\\\/demenz-und-du.de\\\/demenz-hilfe-fuer-angehoerige\\\/\"},{\"@type\":\"ListItem\",\"position\":2,\"name\":\"Pflege zu Hause &#8211; Mit welcher Unterst\u00fctzung kannst du rechnen?\"}]},{\"@type\":\"WebSite\",\"@id\":\"https:\\\/\\\/demenz-und-du.de\\\/demenz-hilfe-fuer-angehoerige\\\/#website\",\"url\":\"https:\\\/\\\/demenz-und-du.de\\\/demenz-hilfe-fuer-angehoerige\\\/\",\"name\":\"Demenz Hilfe f\u00fcr Angeh\u00f6rige\",\"description\":\"Wir helfen Angeh\u00f6rigen dabei mit ihren Demenzkranken klar zu kommen.\",\"publisher\":{\"@id\":\"https:\\\/\\\/demenz-und-du.de\\\/demenz-hilfe-fuer-angehoerige\\\/#organization\"},\"potentialAction\":[{\"@type\":\"SearchAction\",\"target\":{\"@type\":\"EntryPoint\",\"urlTemplate\":\"https:\\\/\\\/demenz-und-du.de\\\/demenz-hilfe-fuer-angehoerige\\\/?s={search_term_string}\"},\"query-input\":{\"@type\":\"PropertyValueSpecification\",\"valueRequired\":true,\"valueName\":\"search_term_string\"}}],\"inLanguage\":\"de\"},{\"@type\":\"Organization\",\"@id\":\"https:\\\/\\\/demenz-und-du.de\\\/demenz-hilfe-fuer-angehoerige\\\/#organization\",\"name\":\"Demenz Hilfe f\u00fcr Angeh\u00f6rige\",\"url\":\"https:\\\/\\\/demenz-und-du.de\\\/demenz-hilfe-fuer-angehoerige\\\/\",\"logo\":{\"@type\":\"ImageObject\",\"inLanguage\":\"de\",\"@id\":\"https:\\\/\\\/demenz-und-du.de\\\/demenz-hilfe-fuer-angehoerige\\\/#\\\/schema\\\/logo\\\/image\\\/\",\"url\":\"https:\\\/\\\/demenz-und-du.de\\\/wp-content\\\/uploads\\\/2022\\\/10\\\/400JpgdpiLogo-scaled.jpg\",\"contentUrl\":\"https:\\\/\\\/demenz-und-du.de\\\/wp-content\\\/uploads\\\/2022\\\/10\\\/400JpgdpiLogo-scaled.jpg\",\"width\":2560,\"height\":1546,\"caption\":\"Demenz Hilfe f\u00fcr Angeh\u00f6rige\"},\"image\":{\"@id\":\"https:\\\/\\\/demenz-und-du.de\\\/demenz-hilfe-fuer-angehoerige\\\/#\\\/schema\\\/logo\\\/image\\\/\"},\"sameAs\":[\"https:\\\/\\\/www.facebook.com\\\/profile.php?id=100090981488333\",\"https:\\\/\\\/www.youtube.com\\\/channel\\\/UCS7nClFtrPq-4eQFfAFzNyw\"]},{\"@type\":\"Person\",\"@id\":\"https:\\\/\\\/demenz-und-du.de\\\/demenz-hilfe-fuer-angehoerige\\\/#\\\/schema\\\/person\\\/3dc5b1e7c3a91a90031200e33ee10748\",\"name\":\"Michael\",\"image\":{\"@type\":\"ImageObject\",\"inLanguage\":\"de\",\"@id\":\"https:\\\/\\\/secure.gravatar.com\\\/avatar\\\/058709bcb247227ce63c07259fc8a580ab473c7d482a772372f0a8bd91e6ffb0?s=96&d=mm&r=g\",\"url\":\"https:\\\/\\\/secure.gravatar.com\\\/avatar\\\/058709bcb247227ce63c07259fc8a580ab473c7d482a772372f0a8bd91e6ffb0?s=96&d=mm&r=g\",\"contentUrl\":\"https:\\\/\\\/secure.gravatar.com\\\/avatar\\\/058709bcb247227ce63c07259fc8a580ab473c7d482a772372f0a8bd91e6ffb0?s=96&d=mm&r=g\",\"caption\":\"Michael\"},\"sameAs\":[\"https:\\\/\\\/demenz-und-du.de\"],\"url\":\"https:\\\/\\\/demenz-und-du.de\\\/demenz-hilfe-fuer-angehoerige\\\/author\\\/gh72w1evnoi849olaq\\\/\"}]}<\/script>\n<!-- \/ Yoast SEO plugin. -->","yoast_head_json":{"title":"Pflege zu Hause &#8211; Mit welcher Unterst\u00fctzung kannst du rechnen? - Demenz Hilfe f\u00fcr Angeh\u00f6rige","description":"Hier bekommst du wertvolle Tipps zur staatlicher Unterst\u00fctzung als pflegender Angeh\u00f6riger von demenziell erkrankten Verwandten.","robots":{"index":"index","follow":"follow","max-snippet":"max-snippet:-1","max-image-preview":"max-image-preview:large","max-video-preview":"max-video-preview:-1"},"canonical":"https:\/\/demenz-und-du.de\/demenz-hilfe-fuer-angehoerige\/unterstuetzung-und-hilfsmittel-bei-demenz\/","og_locale":"de_DE","og_type":"article","og_title":"Pflege zu Hause &#8211; Mit welcher Unterst\u00fctzung kannst du rechnen? - Demenz Hilfe f\u00fcr Angeh\u00f6rige","og_description":"Hier bekommst du wertvolle Tipps zur staatlicher Unterst\u00fctzung als pflegender Angeh\u00f6riger von demenziell erkrankten Verwandten.","og_url":"https:\/\/demenz-und-du.de\/demenz-hilfe-fuer-angehoerige\/unterstuetzung-und-hilfsmittel-bei-demenz\/","og_site_name":"Demenz Hilfe f\u00fcr Angeh\u00f6rige","article_publisher":"https:\/\/www.facebook.com\/profile.php?id=100090981488333","article_published_time":"2021-04-01T06:27:00+00:00","article_modified_time":"2022-04-03T09:37:19+00:00","og_image":[{"width":1920,"height":1280,"url":"https:\/\/demenz-und-du.de\/wp-content\/uploads\/2021\/02\/seniors-4379905_1920.jpg","type":"image\/jpeg"}],"author":"Michael","twitter_card":"summary_large_image","twitter_misc":{"Verfasst von":"Michael","Gesch\u00e4tzte Lesezeit":"4\u00a0Minuten"},"schema":{"@context":"https:\/\/schema.org","@graph":[{"@type":"Article","@id":"https:\/\/demenz-und-du.de\/demenz-hilfe-fuer-angehoerige\/unterstuetzung-und-hilfsmittel-bei-demenz\/#article","isPartOf":{"@id":"https:\/\/demenz-und-du.de\/demenz-hilfe-fuer-angehoerige\/unterstuetzung-und-hilfsmittel-bei-demenz\/"},"author":{"name":"Michael","@id":"https:\/\/demenz-und-du.de\/demenz-hilfe-fuer-angehoerige\/#\/schema\/person\/3dc5b1e7c3a91a90031200e33ee10748"},"headline":"Pflege zu Hause &#8211; Mit welcher Unterst\u00fctzung kannst du rechnen?","datePublished":"2021-04-01T06:27:00+00:00","dateModified":"2022-04-03T09:37:19+00:00","mainEntityOfPage":{"@id":"https:\/\/demenz-und-du.de\/demenz-hilfe-fuer-angehoerige\/unterstuetzung-und-hilfsmittel-bei-demenz\/"},"wordCount":813,"commentCount":1,"publisher":{"@id":"https:\/\/demenz-und-du.de\/demenz-hilfe-fuer-angehoerige\/#organization"},"image":{"@id":"https:\/\/demenz-und-du.de\/demenz-hilfe-fuer-angehoerige\/unterstuetzung-und-hilfsmittel-bei-demenz\/#primaryimage"},"thumbnailUrl":"https:\/\/demenz-und-du.de\/wp-content\/uploads\/2021\/02\/seniors-4379905_1920.jpg","articleSection":["So kannst Du helfen","Untermen\u00fc","Unterst\u00fctzung &amp; Hilfsmittel"],"inLanguage":"de","potentialAction":[{"@type":"CommentAction","name":"Comment","target":["https:\/\/demenz-und-du.de\/demenz-hilfe-fuer-angehoerige\/unterstuetzung-und-hilfsmittel-bei-demenz\/#respond"]}]},{"@type":"WebPage","@id":"https:\/\/demenz-und-du.de\/demenz-hilfe-fuer-angehoerige\/unterstuetzung-und-hilfsmittel-bei-demenz\/","url":"https:\/\/demenz-und-du.de\/demenz-hilfe-fuer-angehoerige\/unterstuetzung-und-hilfsmittel-bei-demenz\/","name":"Pflege zu Hause &#8211; Mit welcher Unterst\u00fctzung kannst du rechnen? - Demenz Hilfe f\u00fcr Angeh\u00f6rige","isPartOf":{"@id":"https:\/\/demenz-und-du.de\/demenz-hilfe-fuer-angehoerige\/#website"},"primaryImageOfPage":{"@id":"https:\/\/demenz-und-du.de\/demenz-hilfe-fuer-angehoerige\/unterstuetzung-und-hilfsmittel-bei-demenz\/#primaryimage"},"image":{"@id":"https:\/\/demenz-und-du.de\/demenz-hilfe-fuer-angehoerige\/unterstuetzung-und-hilfsmittel-bei-demenz\/#primaryimage"},"thumbnailUrl":"https:\/\/demenz-und-du.de\/wp-content\/uploads\/2021\/02\/seniors-4379905_1920.jpg","datePublished":"2021-04-01T06:27:00+00:00","dateModified":"2022-04-03T09:37:19+00:00","description":"Hier bekommst du wertvolle Tipps zur staatlicher Unterst\u00fctzung als pflegender Angeh\u00f6riger von demenziell erkrankten Verwandten.","breadcrumb":{"@id":"https:\/\/demenz-und-du.de\/demenz-hilfe-fuer-angehoerige\/unterstuetzung-und-hilfsmittel-bei-demenz\/#breadcrumb"},"inLanguage":"de","potentialAction":[{"@type":"ReadAction","target":["https:\/\/demenz-und-du.de\/demenz-hilfe-fuer-angehoerige\/unterstuetzung-und-hilfsmittel-bei-demenz\/"]}]},{"@type":"ImageObject","inLanguage":"de","@id":"https:\/\/demenz-und-du.de\/demenz-hilfe-fuer-angehoerige\/unterstuetzung-und-hilfsmittel-bei-demenz\/#primaryimage","url":"https:\/\/demenz-und-du.de\/wp-content\/uploads\/2021\/02\/seniors-4379905_1920.jpg","contentUrl":"https:\/\/demenz-und-du.de\/wp-content\/uploads\/2021\/02\/seniors-4379905_1920.jpg","width":1920,"height":1280},{"@type":"BreadcrumbList","@id":"https:\/\/demenz-und-du.de\/demenz-hilfe-fuer-angehoerige\/unterstuetzung-und-hilfsmittel-bei-demenz\/#breadcrumb","itemListElement":[{"@type":"ListItem","position":1,"name":"Startseite","item":"https:\/\/demenz-und-du.de\/demenz-hilfe-fuer-angehoerige\/"},{"@type":"ListItem","position":2,"name":"Pflege zu Hause &#8211; Mit welcher Unterst\u00fctzung kannst du rechnen?"}]},{"@type":"WebSite","@id":"https:\/\/demenz-und-du.de\/demenz-hilfe-fuer-angehoerige\/#website","url":"https:\/\/demenz-und-du.de\/demenz-hilfe-fuer-angehoerige\/","name":"Demenz Hilfe f\u00fcr Angeh\u00f6rige","description":"Wir helfen Angeh\u00f6rigen dabei mit ihren Demenzkranken klar zu kommen.","publisher":{"@id":"https:\/\/demenz-und-du.de\/demenz-hilfe-fuer-angehoerige\/#organization"},"potentialAction":[{"@type":"SearchAction","target":{"@type":"EntryPoint","urlTemplate":"https:\/\/demenz-und-du.de\/demenz-hilfe-fuer-angehoerige\/?s={search_term_string}"},"query-input":{"@type":"PropertyValueSpecification","valueRequired":true,"valueName":"search_term_string"}}],"inLanguage":"de"},{"@type":"Organization","@id":"https:\/\/demenz-und-du.de\/demenz-hilfe-fuer-angehoerige\/#organization","name":"Demenz Hilfe f\u00fcr Angeh\u00f6rige","url":"https:\/\/demenz-und-du.de\/demenz-hilfe-fuer-angehoerige\/","logo":{"@type":"ImageObject","inLanguage":"de","@id":"https:\/\/demenz-und-du.de\/demenz-hilfe-fuer-angehoerige\/#\/schema\/logo\/image\/","url":"https:\/\/demenz-und-du.de\/wp-content\/uploads\/2022\/10\/400JpgdpiLogo-scaled.jpg","contentUrl":"https:\/\/demenz-und-du.de\/wp-content\/uploads\/2022\/10\/400JpgdpiLogo-scaled.jpg","width":2560,"height":1546,"caption":"Demenz Hilfe f\u00fcr Angeh\u00f6rige"},"image":{"@id":"https:\/\/demenz-und-du.de\/demenz-hilfe-fuer-angehoerige\/#\/schema\/logo\/image\/"},"sameAs":["https:\/\/www.facebook.com\/profile.php?id=100090981488333","https:\/\/www.youtube.com\/channel\/UCS7nClFtrPq-4eQFfAFzNyw"]},{"@type":"Person","@id":"https:\/\/demenz-und-du.de\/demenz-hilfe-fuer-angehoerige\/#\/schema\/person\/3dc5b1e7c3a91a90031200e33ee10748","name":"Michael","image":{"@type":"ImageObject","inLanguage":"de","@id":"https:\/\/secure.gravatar.com\/avatar\/058709bcb247227ce63c07259fc8a580ab473c7d482a772372f0a8bd91e6ffb0?s=96&d=mm&r=g","url":"https:\/\/secure.gravatar.com\/avatar\/058709bcb247227ce63c07259fc8a580ab473c7d482a772372f0a8bd91e6ffb0?s=96&d=mm&r=g","contentUrl":"https:\/\/secure.gravatar.com\/avatar\/058709bcb247227ce63c07259fc8a580ab473c7d482a772372f0a8bd91e6ffb0?s=96&d=mm&r=g","caption":"Michael"},"sameAs":["https:\/\/demenz-und-du.de"],"url":"https:\/\/demenz-und-du.de\/demenz-hilfe-fuer-angehoerige\/author\/gh72w1evnoi849olaq\/"}]}},"_links":{"self":[{"href":"https:\/\/demenz-und-du.de\/demenz-hilfe-fuer-angehoerige\/wp-json\/wp\/v2\/posts\/175","targetHints":{"allow":["GET"]}}],"collection":[{"href":"https:\/\/demenz-und-du.de\/demenz-hilfe-fuer-angehoerige\/wp-json\/wp\/v2\/posts"}],"about":[{"href":"https:\/\/demenz-und-du.de\/demenz-hilfe-fuer-angehoerige\/wp-json\/wp\/v2\/types\/post"}],"author":[{"embeddable":true,"href":"https:\/\/demenz-und-du.de\/demenz-hilfe-fuer-angehoerige\/wp-json\/wp\/v2\/users\/2"}],"replies":[{"embeddable":true,"href":"https:\/\/demenz-und-du.de\/demenz-hilfe-fuer-angehoerige\/wp-json\/wp\/v2\/comments?post=175"}],"version-history":[{"count":10,"href":"https:\/\/demenz-und-du.de\/demenz-hilfe-fuer-angehoerige\/wp-json\/wp\/v2\/posts\/175\/revisions"}],"predecessor-version":[{"id":1283,"href":"https:\/\/demenz-und-du.de\/demenz-hilfe-fuer-angehoerige\/wp-json\/wp\/v2\/posts\/175\/revisions\/1283"}],"wp:featuredmedia":[{"embeddable":true,"href":"https:\/\/demenz-und-du.de\/demenz-hilfe-fuer-angehoerige\/wp-json\/wp\/v2\/media\/510"}],"wp:attachment":[{"href":"https:\/\/demenz-und-du.de\/demenz-hilfe-fuer-angehoerige\/wp-json\/wp\/v2\/media?parent=175"}],"wp:term":[{"taxonomy":"category","embeddable":true,"href":"https:\/\/demenz-und-du.de\/demenz-hilfe-fuer-angehoerige\/wp-json\/wp\/v2\/categories?post=175"},{"taxonomy":"post_tag","embeddable":true,"href":"https:\/\/demenz-und-du.de\/demenz-hilfe-fuer-angehoerige\/wp-json\/wp\/v2\/tags?post=175"}],"curies":[{"name":"wp","href":"https:\/\/api.w.org\/{rel}","templated":true}]}}